{"id":20565,"date":"2014-06-04T13:52:30","date_gmt":"2014-06-04T18:52:30","guid":{"rendered":"http:\/\/www.ambiente.gob.ec\/?p=20565"},"modified":"2014-06-04T13:52:30","modified_gmt":"2014-06-04T18:52:30","slug":"proyectos-de-mae-y-magap-coordinan-trabajo-conjunto-en-temas-de-cambio-climatico","status":"publish","type":"post","link":"https:\/\/www.ambienteyenergia.gob.ec\/ambiente\/proyectos-de-mae-y-magap-coordinan-trabajo-conjunto-en-temas-de-cambio-climatico\/","title":{"rendered":"Proyectos de MAE y MAGAP coordinan trabajo conjunto en temas de cambio clim\u00e1tico"},"content":{"rendered":"<p style=\"text-align: justify;\">El Ministerio del Ambiente (MAE), a trav\u00e9s del proyecto Fortalecimiento de la resiliencia de las comunidades a los efectos adversos del cambio clim\u00e1tico con \u00e9nfasis en seguridad alimentaria en la provincia de Pichincha y la cuenca del r\u00edo Jubones (FORECCSA), busca ampliar y replicar los sistemas comunitarios relacionados con seguridad alimentaria teniendo en cuenta la producci\u00f3n, acceso, utilizaci\u00f3n y estabilidad a nivel local en el contexto del cambio clim\u00e1tico.<\/p>\n<p style=\"text-align: justify;\">\nPara ello, esta Cartera de Estado cuenta con un socio estrat\u00e9gico el Ministerio de Agricultura, Ganader\u00eda, Acuacultura y Pesca (MAGAP), como responsable de las pol\u00edticas agr\u00edcolas, incluyendo la gesti\u00f3n, regulaci\u00f3n y formaci\u00f3n del sector agricultura, agro-forestal y agroindustrial.<\/p>\n<p style=\"text-align: justify;\">\nEl MAGAP coordinar\u00e1 y trabajar\u00e1 junto con el MAE en dos niveles: a) Central, como parte del equipo de gesti\u00f3n para la implementaci\u00f3n del proyecto y b) Local, desde sus unidades provinciales como parte del equipo operacional, coordinando a los especialistas sectoriales.<\/p>\n<p>Con la finalidad de cumplir con lo expuesto y avanzar en la implementaci\u00f3n de las medidas de adaptaci\u00f3n parroquiales, se organiz\u00f3 la presente reuni\u00f3n con los gerentes y responsables de los diferentes programas y proyectos que viene ejecutando el MAPAG y sus dependencias. El prop\u00f3sito fue identificar sinergias y generar una hoja de ruta que permita operativizar en territorio el trabajo conjunto de las dos instituciones, para as\u00ed, potencializar los procesos de adaptaci\u00f3n que busca generar el MAE.<\/p>\n","protected":false},"excerpt":{"rendered":"<p class=\"excerpt\">El Ministerio del Ambiente (MAE), a trav\u00e9s del proyecto Fortalecimiento de la resiliencia de las comunidades a los efectos adversos del cambio clim\u00e1tico con \u00e9nfasis en seguridad alimentaria en la provincia de Pichincha y la cuenca del r\u00edo Jubones (FORECCSA), busca ampliar y replicar los sistemas comunitarios relacionados con seguridad alimentaria teniendo en cuenta la producci\u00f3n, acceso, utilizaci\u00f3n y estabilidad&hellip; <a href=\"https:\/\/www.ambienteyenergia.gob.ec\/ambiente\/proyectos-de-mae-y-magap-coordinan-trabajo-conjunto-en-temas-de-cambio-climatico\/\">Read more &rarr;<\/a><\/p>\n","protected":false},"author":13,"featured_media":20566,"comment_status":"open","ping_status":"open","sticky":false,"template":"","format":"standard","meta":{"footnotes":""},"categories":[16,4],"tags":[],"class_list":["post-20565","post","type-post","status-publish","format-standard","has-post-thumbnail","hentry","category-comunicamos","category-noticias","xfolkentry"],"_links":{"self":[{"href":"https:\/\/www.ambienteyenergia.gob.ec\/ambiente\/wp-json\/wp\/v2\/posts\/20565","targetHints":{"allow":["GET"]}}],"collection":[{"href":"https:\/\/www.ambienteyenergia.gob.ec\/ambiente\/wp-json\/wp\/v2\/posts"}],"about":[{"href":"https:\/\/www.ambienteyenergia.gob.ec\/ambiente\/wp-json\/wp\/v2\/types\/post"}],"author":[{"embeddable":true,"href":"https:\/\/www.ambienteyenergia.gob.ec\/ambiente\/wp-json\/wp\/v2\/users\/13"}],"replies":[{"embeddable":true,"href":"https:\/\/www.ambienteyenergia.gob.ec\/ambiente\/wp-json\/wp\/v2\/comments?post=20565"}],"version-history":[{"count":0,"href":"https:\/\/www.ambienteyenergia.gob.ec\/ambiente\/wp-json\/wp\/v2\/posts\/20565\/revisions"}],"wp:featuredmedia":[{"embeddable":true,"href":"https:\/\/www.ambienteyenergia.gob.ec\/ambiente\/wp-json\/wp\/v2\/media\/20566"}],"wp:attachment":[{"href":"https:\/\/www.ambienteyenergia.gob.ec\/ambiente\/wp-json\/wp\/v2\/media?parent=20565"}],"wp:term":[{"taxonomy":"category","embeddable":true,"href":"https:\/\/www.ambienteyenergia.gob.ec\/ambiente\/wp-json\/wp\/v2\/categories?post=20565"},{"taxonomy":"post_tag","embeddable":true,"href":"https:\/\/www.ambienteyenergia.gob.ec\/ambiente\/wp-json\/wp\/v2\/tags?post=20565"}],"curies":[{"name":"wp","href":"https:\/\/api.w.org\/{rel}","templated":true}]}}