{"id":20556,"date":"2014-06-03T16:47:36","date_gmt":"2014-06-03T21:47:36","guid":{"rendered":"http:\/\/www.ambiente.gob.ec\/?p=20556"},"modified":"2014-06-03T16:47:36","modified_gmt":"2014-06-03T21:47:36","slug":"mae-realiza-diferentes-actividades-en-conmemoracion-del-dia-mundial-del-ambiente-en-manabi","status":"publish","type":"post","link":"https:\/\/www.ambienteyenergia.gob.ec\/ambiente\/mae-realiza-diferentes-actividades-en-conmemoracion-del-dia-mundial-del-ambiente-en-manabi\/","title":{"rendered":"MAE realiza diferentes actividades en conmemoraci\u00f3n del D\u00eda Mundial del Ambiente en Manab\u00ed"},"content":{"rendered":"<p style=\"text-align: justify;\">El Ministerio del Ambiente de Ecuador (MAE), a trav\u00e9s de la Direcci\u00f3n Provincial del Ambiente de Manab\u00ed, en el marco de la conmemoraci\u00f3n del D\u00eda Mundial del Ambiente, realiza realiz\u00f3 diferentes actividades con el objetivo de concienciar a la poblaci\u00f3n sobre el cuidado de nuestro ecosistema.<\/p>\n<p style=\"text-align: justify;\">Como parte de las acciones emprendidas por esta Cartera de Estado, se realiz\u00f3 un programa de reforestaci\u00f3n con \u00e1rboles end\u00e9micos de la zona, en el Refugio de Vida Silvestre y Marino Costera Pacoche. En este trabajo participaron ni\u00f1as y ni\u00f1os, as\u00ed como tambi\u00e9n de j\u00f3venes y adultos de las comunidades aleda\u00f1as al sector.<\/p>\n<p style=\"text-align: justify;\">El prop\u00f3sito de la restauraci\u00f3n forestal, fue el de concienciar a la poblaci\u00f3n sobre la aplicabilidad de las buenas pr\u00e1cticas ambientales que contribuyen a la protecci\u00f3n y conservaci\u00f3n de los recursos naturales. Adem\u00e1s se proyectaron videos sobre estos dem\u00e1s, con la intenci\u00f3n que los asistentes pongan en pr\u00e1ctica lo aprendido en su sector.<\/p>\n<p style=\"text-align: justify;\">\n<p style=\"text-align: justify;\">En el transcurso de los pr\u00f3ximos d\u00edas, funcionarios del Parque Nacional Machalilla, en coordinaci\u00f3n con la Subsecretar\u00eda del Mar, adscrita a la Presidencia de la Rep\u00fablica, y con el aporte de buzos de varias operadoras tur\u00edsticas de Puerto L\u00f3pez y Sal\u00e1ngo, realizaran la limpieza del fondo marino en el Bajo El Cope.<\/p>\n<p style=\"text-align: justify;\">T\u00e9cnicos de los departamentos de Calidad Ambiental, Asesor\u00eda Jur\u00eddica y Patrimonio Natural, de la Direcci\u00f3n Provincial, el d\u00eda jueves\u00a0 realizaran talleres dirigidos\u00a0 a estudiantes de la Facultad de Ingenier\u00eda Ambiental de las Universidades Estatal del Sur de Manab\u00ed (Jipijapa), Universidad Laica Eloy Alfaro (Manta), Universidad San Gregorio (Portoviejo) y Escuela Superior Polit\u00e9cnica (Calceta), con temas referentes a la labor que emprende esta Cartera de Estado en el control Ambiental y Forestal en el pa\u00eds.<\/p>\n<p style=\"text-align: justify;\">\n","protected":false},"excerpt":{"rendered":"<p class=\"excerpt\">El Ministerio del Ambiente de Ecuador (MAE), a trav\u00e9s de la Direcci\u00f3n Provincial del Ambiente de Manab\u00ed, en el marco de la conmemoraci\u00f3n del D\u00eda Mundial del Ambiente, realiza realiz\u00f3 diferentes actividades con el objetivo de concienciar a la poblaci\u00f3n sobre el cuidado de nuestro ecosistema. Como parte de las acciones emprendidas por esta Cartera de Estado, se realiz\u00f3 un&hellip; <a href=\"https:\/\/www.ambienteyenergia.gob.ec\/ambiente\/mae-realiza-diferentes-actividades-en-conmemoracion-del-dia-mundial-del-ambiente-en-manabi\/\">Read more &rarr;<\/a><\/p>\n","protected":false},"author":13,"featured_media":20557,"comment_status":"open","ping_status":"open","sticky":false,"template":"","format":"standard","meta":{"footnotes":""},"categories":[16,4],"tags":[],"class_list":["post-20556","post","type-post","status-publish","format-standard","has-post-thumbnail","hentry","category-comunicamos","category-noticias","xfolkentry"],"_links":{"self":[{"href":"https:\/\/www.ambienteyenergia.gob.ec\/ambiente\/wp-json\/wp\/v2\/posts\/20556","targetHints":{"allow":["GET"]}}],"collection":[{"href":"https:\/\/www.ambienteyenergia.gob.ec\/ambiente\/wp-json\/wp\/v2\/posts"}],"about":[{"href":"https:\/\/www.ambienteyenergia.gob.ec\/ambiente\/wp-json\/wp\/v2\/types\/post"}],"author":[{"embeddable":true,"href":"https:\/\/www.ambienteyenergia.gob.ec\/ambiente\/wp-json\/wp\/v2\/users\/13"}],"replies":[{"embeddable":true,"href":"https:\/\/www.ambienteyenergia.gob.ec\/ambiente\/wp-json\/wp\/v2\/comments?post=20556"}],"version-history":[{"count":0,"href":"https:\/\/www.ambienteyenergia.gob.ec\/ambiente\/wp-json\/wp\/v2\/posts\/20556\/revisions"}],"wp:featuredmedia":[{"embeddable":true,"href":"https:\/\/www.ambienteyenergia.gob.ec\/ambiente\/wp-json\/wp\/v2\/media\/20557"}],"wp:attachment":[{"href":"https:\/\/www.ambienteyenergia.gob.ec\/ambiente\/wp-json\/wp\/v2\/media?parent=20556"}],"wp:term":[{"taxonomy":"category","embeddable":true,"href":"https:\/\/www.ambienteyenergia.gob.ec\/ambiente\/wp-json\/wp\/v2\/categories?post=20556"},{"taxonomy":"post_tag","embeddable":true,"href":"https:\/\/www.ambienteyenergia.gob.ec\/ambiente\/wp-json\/wp\/v2\/tags?post=20556"}],"curies":[{"name":"wp","href":"https:\/\/api.w.org\/{rel}","templated":true}]}}