{"id":20553,"date":"2014-06-03T16:45:46","date_gmt":"2014-06-03T21:45:46","guid":{"rendered":"http:\/\/www.ambiente.gob.ec\/?p=20553"},"modified":"2014-06-03T16:45:46","modified_gmt":"2014-06-03T21:45:46","slug":"recuperacion-de-una-tortuga-motelo-geochelone-denticulata-y-tortuga-mordedora-chelydra-acutirostris-en-provincia-el-oro","status":"publish","type":"post","link":"https:\/\/www.ambienteyenergia.gob.ec\/ambiente\/recuperacion-de-una-tortuga-motelo-geochelone-denticulata-y-tortuga-mordedora-chelydra-acutirostris-en-provincia-el-oro\/","title":{"rendered":"Recuperaci\u00f3n de una Tortuga motelo (Geochelone denticulata) y Tortuga mordedora (Chelydra acutirostris) en provincia El Oro"},"content":{"rendered":"<p style=\"text-align: justify;\">El Ministerio del Ambiente (MAE) despliega en la Provincia de El Oro, m\u00faltiples eventos de educaci\u00f3n ambiental, trabajo comunitario y actividades de vinculaci\u00f3n social con la finalidad de educar a la poblaci\u00f3n en la responsabilidad del cuidado de nuestro planeta.<\/p>\n<p style=\"text-align: justify;\">La Direcci\u00f3n Provincial del Ambiente de El Oro, a trav\u00e9s de\u00a0 la Unidad de Vida Silvestre y con la ayuda de la ciudadan\u00eda, se logro la recuperaci\u00f3n de una Tortuga motelo <b><i>(Geochelone denticulata) <\/i><\/b><i>y Tortuga mordedora<\/i><b><i> (Chelydra acutirostris) <\/i><\/b>las cuales fueron recuperada, en la parroquia y cant\u00f3n Machala.<\/p>\n<p style=\"text-align: justify;\">Luego de las revisiones y alimentaci\u00f3n respectiva, se verific\u00f3 que la condici\u00f3n de los animales silvestres era favorable, por lo que se procedi\u00f3 a liberarlos en la quebrada El Bejucal de la parroquia Arenillas.<\/p>\n<p style=\"text-align: justify;\">El MAE, como principal autoridad ambiental del pa\u00eds, solicita a la poblaci\u00f3n que tenga animales de vida silvestre en cautiverio, los entregue de manera voluntaria o si conoce de alg\u00fan caso de tenencia ilegal de especies realice su denuncia en la Direcci\u00f3n Provincial del Ambiente de El Oro ubicado en las calles, Vela entre 25 de Junio y Sucre (Ex-Edificio de Predesur) 5to piso o al tel\u00e9fono 2934596, extensi\u00f3n 15.<\/p>\n<p style=\"text-align: justify;\">\n","protected":false},"excerpt":{"rendered":"<p class=\"excerpt\">El Ministerio del Ambiente (MAE) despliega en la Provincia de El Oro, m\u00faltiples eventos de educaci\u00f3n ambiental, trabajo comunitario y actividades de vinculaci\u00f3n social con la finalidad de educar a la poblaci\u00f3n en la responsabilidad del cuidado de nuestro planeta. La Direcci\u00f3n Provincial del Ambiente de El Oro, a trav\u00e9s de\u00a0 la Unidad de Vida Silvestre y con la ayuda&hellip; <a href=\"https:\/\/www.ambienteyenergia.gob.ec\/ambiente\/recuperacion-de-una-tortuga-motelo-geochelone-denticulata-y-tortuga-mordedora-chelydra-acutirostris-en-provincia-el-oro\/\">Read more &rarr;<\/a><\/p>\n","protected":false},"author":13,"featured_media":20554,"comment_status":"open","ping_status":"open","sticky":false,"template":"","format":"standard","meta":{"footnotes":""},"categories":[16,4],"tags":[],"class_list":["post-20553","post","type-post","status-publish","format-standard","has-post-thumbnail","hentry","category-comunicamos","category-noticias","xfolkentry"],"_links":{"self":[{"href":"https:\/\/www.ambienteyenergia.gob.ec\/ambiente\/wp-json\/wp\/v2\/posts\/20553","targetHints":{"allow":["GET"]}}],"collection":[{"href":"https:\/\/www.ambienteyenergia.gob.ec\/ambiente\/wp-json\/wp\/v2\/posts"}],"about":[{"href":"https:\/\/www.ambienteyenergia.gob.ec\/ambiente\/wp-json\/wp\/v2\/types\/post"}],"author":[{"embeddable":true,"href":"https:\/\/www.ambienteyenergia.gob.ec\/ambiente\/wp-json\/wp\/v2\/users\/13"}],"replies":[{"embeddable":true,"href":"https:\/\/www.ambienteyenergia.gob.ec\/ambiente\/wp-json\/wp\/v2\/comments?post=20553"}],"version-history":[{"count":0,"href":"https:\/\/www.ambienteyenergia.gob.ec\/ambiente\/wp-json\/wp\/v2\/posts\/20553\/revisions"}],"wp:featuredmedia":[{"embeddable":true,"href":"https:\/\/www.ambienteyenergia.gob.ec\/ambiente\/wp-json\/wp\/v2\/media\/20554"}],"wp:attachment":[{"href":"https:\/\/www.ambienteyenergia.gob.ec\/ambiente\/wp-json\/wp\/v2\/media?parent=20553"}],"wp:term":[{"taxonomy":"category","embeddable":true,"href":"https:\/\/www.ambienteyenergia.gob.ec\/ambiente\/wp-json\/wp\/v2\/categories?post=20553"},{"taxonomy":"post_tag","embeddable":true,"href":"https:\/\/www.ambienteyenergia.gob.ec\/ambiente\/wp-json\/wp\/v2\/tags?post=20553"}],"curies":[{"name":"wp","href":"https:\/\/api.w.org\/{rel}","templated":true}]}}