{"id":20550,"date":"2014-06-03T15:23:52","date_gmt":"2014-06-03T20:23:52","guid":{"rendered":"http:\/\/www.ambiente.gob.ec\/?p=20550"},"modified":"2014-06-04T08:56:44","modified_gmt":"2014-06-04T13:56:44","slug":"iniciativa-nuestra-huella-sobre-el-planeta-barrio-verde-capacito-a-212-moradores-de-tres-barrios-de-quito","status":"publish","type":"post","link":"https:\/\/www.ambienteyenergia.gob.ec\/ambiente\/iniciativa-nuestra-huella-sobre-el-planeta-barrio-verde-capacito-a-212-moradores-de-tres-barrios-de-quito\/","title":{"rendered":"Iniciativa &#8216;Nuestra Huella Sobre el Planeta \u2013 Barrio Verde&#8217; capacit\u00f3 a 212 moradores de tres barrios de Quito"},"content":{"rendered":"<p style=\"text-align: justify;\">Como parte de un proceso de capacitaci\u00f3n y educaci\u00f3n ambiental, el Ministerio del Ambiente (MAE), a trav\u00e9s del Proyecto Huella Ecol\u00f3gica, impulsa la iniciativa &#8216;Nuestra Huella sobre el Planeta \u2013 Barrio Verde&#8217;, un proyecto piloto que surgi\u00f3 el a\u00f1o pasado y que tiene como objetivo promover una cultura de uso racional de los recursos y disminuci\u00f3n en la generaci\u00f3n de desechos.<\/p>\n<p style=\"text-align: justify;\">Hoy, como resultado del trabajo realizado en tres barrios de la ciudad de Quito, se entregaron certificados a las 212 personas que participaron activamente en los talleres direccionados a desarrollar una cultura de consumo responsable y barrios m\u00e1s verdes. El evento se desarroll\u00f3 en las canchas del barrio Puertas del Sol.<\/p>\n<p style=\"text-align: justify;\">Para la ejecuci\u00f3n de este proyecto se eligieron a los barrios Atucucho, La Mena y Puertas del Sol. \u00abCuando nosotros iniciamos, ten\u00edamos claras tres caracter\u00edsticas que busc\u00e1bamos en los barrios: que sean organizados, que tengan un fuerte compromiso con el trabajo ambiental y que hayan tenido un trabajo previo en este tema\u00bb, asegur\u00f3 Paulina Velastegu\u00ed, Coordinadora de la Unidad de Mitigaci\u00f3n del Proyecto Huella Ecol\u00f3gica del MAE.<\/p>\n<p style=\"text-align: justify;\">Al contar con la aceptaci\u00f3n de la gente, se trabaj\u00f3 durante tres fines de semana en temas como ambiente y desarrollo; Huella Ecol\u00f3gica, sus componentes, formas de c\u00e1lculo y mecanismos para reducir su impacto; buenas pr\u00e1cticas ambientales, protecci\u00f3n de la biodiversidad, formaci\u00f3n de huertos urbanos y reducci\u00f3n de la contaminaci\u00f3n ambiental, entre otros.<\/p>\n<p style=\"text-align: justify;\">En el evento se destac\u00f3 tambi\u00e9n la importancia del indicador Huella Ecol\u00f3gica para la toma de decisiones de pol\u00edtica p\u00fablica. \u00abGracias a los informes generados sobre este indicador se pudo identificar que los patrones de consumo y la generaci\u00f3n de residuos son incompatibles con la conservaci\u00f3n de los recursos naturales, precisamente por ello, las capacitaciones impartidas en los barrios han ido dirigidas hacia el conocimiento de la Huella Ecol\u00f3gica y sus implicaciones, buscando formar l\u00edderes que en un trabajo conjunto con el MAE implementen pr\u00e1cticas ambientales que garanticen una relaci\u00f3n arm\u00f3nica con la naturaleza\u00bb, afirm\u00f3 Velastegu\u00ed.<\/p>\n<p style=\"text-align: justify;\">La respuesta de la gente ha sido muy buena. Patricio Vargas, morador del barrio Atucucho, explic\u00f3 que los talleres fueron muy \u00fatiles para conocer las causas del deterioro ambiental. \u00abLo que m\u00e1s me llamo la atenci\u00f3n es la contaminaci\u00f3n de la ciudad, a trav\u00e9s de las grandes industrias, de los veh\u00edculos, la basura, etc. Quisiera que el Ministerio del Ambiente contin\u00fae con este tipo de charlas informativas\u00bb.<\/p>\n<p style=\"text-align: justify;\">Por su parte, Sandra G\u00f3mez, moradora de La Mena, afirm\u00f3 que estas capacitaciones les han motivado a cuidar el planeta. \u00abLe doy gracias al Ministerio del Ambiente, que siempre est\u00e1 pendiente de la gente, y sobre todo busca que hagamos conciencia sobre la protecci\u00f3n de nuestros recursos\u00bb.<\/p>\n<p style=\"text-align: justify;\">\u00abEstamos conscientes de que los verdaderos cambios se forjan en estos espacios, donde generamos v\u00ednculos y compromisos con la gente, donde los procesos son legitimados por los verdaderos actores de cambio que son ustedes\u00bb, ratific\u00f3 Velastegu\u00ed, para finalizar su intervenci\u00f3n.<\/p>\n<p style=\"text-align: justify;\">\u00bfQu\u00e9 es Huella Ecol\u00f3gica?<\/p>\n<p style=\"text-align: justify;\">La Huella Ecol\u00f3gica calcula la superficie de tierra y agua necesaria para producir los recursos que consumen los seres humanos y absorber los desechos que generan. Actualmente, el proyecto ejecuta este c\u00e1lculo en tres niveles espec\u00edficos: nacional, institucional (instituciones p\u00fablicas y privadas) y sectorial (con universidades, colegios y barrios de Quito).<\/p>\n<p style=\"text-align: justify;\">\u00abAl MAE est\u00e1 calculando este indicador, considerando que es una herramienta importante para la toma de decisiones. Somos el \u00fanico pa\u00eds latinoamericano que est\u00e1 calculando el indicador con datos nacionales y oficiales\u00bb, manifest\u00f3 Juan Andr\u00e9s Portilla, Coordinador del Proyecto Huella Ecol\u00f3gica.<\/p>\n","protected":false},"excerpt":{"rendered":"<p class=\"excerpt\">Como parte de un proceso de capacitaci\u00f3n y educaci\u00f3n ambiental, el Ministerio del Ambiente (MAE), a trav\u00e9s del Proyecto Huella Ecol\u00f3gica, impulsa la iniciativa &#8216;Nuestra Huella sobre el Planeta \u2013 Barrio Verde&#8217;, un proyecto piloto que surgi\u00f3 el a\u00f1o pasado y que tiene como objetivo promover una cultura de uso racional de los recursos y disminuci\u00f3n en la generaci\u00f3n de&hellip; <a href=\"https:\/\/www.ambienteyenergia.gob.ec\/ambiente\/iniciativa-nuestra-huella-sobre-el-planeta-barrio-verde-capacito-a-212-moradores-de-tres-barrios-de-quito\/\">Read more &rarr;<\/a><\/p>\n","protected":false},"author":13,"featured_media":20551,"comment_status":"open","ping_status":"open","sticky":false,"template":"","format":"standard","meta":{"footnotes":""},"categories":[16,4],"tags":[124,387],"class_list":["post-20550","post","type-post","status-publish","format-standard","has-post-thumbnail","hentry","category-comunicamos","category-noticias","tag-huella-ecologica","tag-mae-lorena-tapia","xfolkentry"],"_links":{"self":[{"href":"https:\/\/www.ambienteyenergia.gob.ec\/ambiente\/wp-json\/wp\/v2\/posts\/20550","targetHints":{"allow":["GET"]}}],"collection":[{"href":"https:\/\/www.ambienteyenergia.gob.ec\/ambiente\/wp-json\/wp\/v2\/posts"}],"about":[{"href":"https:\/\/www.ambienteyenergia.gob.ec\/ambiente\/wp-json\/wp\/v2\/types\/post"}],"author":[{"embeddable":true,"href":"https:\/\/www.ambienteyenergia.gob.ec\/ambiente\/wp-json\/wp\/v2\/users\/13"}],"replies":[{"embeddable":true,"href":"https:\/\/www.ambienteyenergia.gob.ec\/ambiente\/wp-json\/wp\/v2\/comments?post=20550"}],"version-history":[{"count":0,"href":"https:\/\/www.ambienteyenergia.gob.ec\/ambiente\/wp-json\/wp\/v2\/posts\/20550\/revisions"}],"wp:featuredmedia":[{"embeddable":true,"href":"https:\/\/www.ambienteyenergia.gob.ec\/ambiente\/wp-json\/wp\/v2\/media\/20551"}],"wp:attachment":[{"href":"https:\/\/www.ambienteyenergia.gob.ec\/ambiente\/wp-json\/wp\/v2\/media?parent=20550"}],"wp:term":[{"taxonomy":"category","embeddable":true,"href":"https:\/\/www.ambienteyenergia.gob.ec\/ambiente\/wp-json\/wp\/v2\/categories?post=20550"},{"taxonomy":"post_tag","embeddable":true,"href":"https:\/\/www.ambienteyenergia.gob.ec\/ambiente\/wp-json\/wp\/v2\/tags?post=20550"}],"curies":[{"name":"wp","href":"https:\/\/api.w.org\/{rel}","templated":true}]}}