{"id":20546,"date":"2014-06-02T16:53:40","date_gmt":"2014-06-02T21:53:40","guid":{"rendered":"http:\/\/www.ambiente.gob.ec\/?p=20546"},"modified":"2014-06-02T16:53:40","modified_gmt":"2014-06-02T21:53:40","slug":"mae-participo-en-la-presentacion-del-sistema-integrado-de-estadisticas-ambientales-seia","status":"publish","type":"post","link":"https:\/\/www.ambienteyenergia.gob.ec\/ambiente\/mae-participo-en-la-presentacion-del-sistema-integrado-de-estadisticas-ambientales-seia\/","title":{"rendered":"MAE particip\u00f3 en la presentaci\u00f3n del Sistema Integrado de Estad\u00edsticas Ambientales (SEIA)"},"content":{"rendered":"<p style=\"text-align: justify;\">Por la necesidad de contar con herramientas que contribuyan al dise\u00f1o, monitoreo y evaluaci\u00f3n de pol\u00edticas p\u00fablicas, programas ambientales y desarrollo sostenible, el Ministerio del Ambiente de Ecuador (MAE), a partir del 9 de diciembre de 2013,\u00a0 puso a disposici\u00f3n de la ciudadan\u00eda un nuevo m\u00f3dulo din\u00e1mico e interactivo denominado Sistema Nacional de Indicadores Ambientales (SNIA); con el af\u00e1n de convertirse en una herramienta indispensable para evaluar el estado actual y tendencia del ambiente, adem\u00e1s de su interrelaci\u00f3n con el \u00e1mbito econ\u00f3mico y social, garantizando el acceso a la informaci\u00f3n por parte del usuario de una manera \u00e1gil, veraz y oportuna.<\/p>\n<p>Es en este contexto que el INEC, en conjunto con el MAE realiz\u00f3 la presentaci\u00f3n del Sistema Integrado de Estad\u00edsticas Ambientales (SEIA), herramienta que facilita el acceso a datos estad\u00edsticos sobre condiciones y calidad ambiental, recursos ambientales, generaci\u00f3n y gesti\u00f3n de residuos y desechos, salud ambiental y participaci\u00f3n ambiental que recopila 123 estad\u00edsticas y 29 indicadores ambientales aproximadamente, e integra la informaci\u00f3n de las instituciones involucradas en esta iniciativa.<\/p>\n<p>El evento de presentaci\u00f3n cont\u00f3 con la participaci\u00f3n de delegados de los Ministerios del Ambiente; Agricultura, Ganader\u00eda, Acuacultura y Pesca (MAGAP); Consejo Nacional de Electricidad (CONELEC); Instituto Nacional de Meteorolog\u00eda e Hidrolog\u00eda (INAMHI); Secretar\u00eda de Ambiente y Banco Central. Adem\u00e1s de estudiantes universitarios y docentes de la Universidad de las Am\u00e9ricas.<\/p>\n<p>Los indicadores ambientales son medidas que, mediante la s\u00edntesis de la informaci\u00f3n, permiten describir los estados y principales din\u00e1micas ambientales de forma cuantitativa o cualitativa de un fen\u00f3meno ambiental y sus relaciones sociales y econ\u00f3micas; de manera selecta, procesada, descrita y contextualizada, contribuyendo al desarrollo sostenible del Pa\u00eds, que surgen como resultado de la creciente preocupaci\u00f3n por los aspectos ambientales para el desarrollo y el bienestar humano, proceso que requiere cada vez de mayor informaci\u00f3n.<\/p>\n<p>La diversidad y trasversalidad de los procesos ambientales relacionados con la actividad econ\u00f3mica y social, requieren la optimizaci\u00f3n de la b\u00fasqueda e interacci\u00f3n de informaci\u00f3n ambiental; es por ello que el MAE, con la finalidad de poner a la disposici\u00f3n de la ciudadan\u00eda informaci\u00f3n ambiental actualizada, contin\u00faa trabajando en la generaci\u00f3n de nuevos indicadores ambientales alineados a los objetivos y pol\u00edticas nacionales e internacionales, que permitan evidenciar la gesti\u00f3n ambiental del pa\u00eds.<\/p>\n<p>A la fecha, se han generado 50 Indicadores Ambientales, de los cuales 43 est\u00e1n publicados en el Sistema Nacional de Indicadores Ambientales dentro del portal del SUIA.<\/p>\n<p>Hay que resaltar que de \u00e9stos, 8 indicadores ambientales se alinean al Objetivo 7 del Plan Nacional del Buen Vivir 2013 \u2013 2017, 5 de ellos corresponden a metas planteadas y 3 son de apoyo.<\/p>\n","protected":false},"excerpt":{"rendered":"<p class=\"excerpt\">Por la necesidad de contar con herramientas que contribuyan al dise\u00f1o, monitoreo y evaluaci\u00f3n de pol\u00edticas p\u00fablicas, programas ambientales y desarrollo sostenible, el Ministerio del Ambiente de Ecuador (MAE), a partir del 9 de diciembre de 2013,\u00a0 puso a disposici\u00f3n de la ciudadan\u00eda un nuevo m\u00f3dulo din\u00e1mico e interactivo denominado Sistema Nacional de Indicadores Ambientales (SNIA); con el af\u00e1n de&hellip; <a href=\"https:\/\/www.ambienteyenergia.gob.ec\/ambiente\/mae-participo-en-la-presentacion-del-sistema-integrado-de-estadisticas-ambientales-seia\/\">Read more &rarr;<\/a><\/p>\n","protected":false},"author":13,"featured_media":20547,"comment_status":"open","ping_status":"open","sticky":false,"template":"","format":"standard","meta":{"footnotes":""},"categories":[16,4],"tags":[],"class_list":["post-20546","post","type-post","status-publish","format-standard","has-post-thumbnail","hentry","category-comunicamos","category-noticias","xfolkentry"],"_links":{"self":[{"href":"https:\/\/www.ambienteyenergia.gob.ec\/ambiente\/wp-json\/wp\/v2\/posts\/20546","targetHints":{"allow":["GET"]}}],"collection":[{"href":"https:\/\/www.ambienteyenergia.gob.ec\/ambiente\/wp-json\/wp\/v2\/posts"}],"about":[{"href":"https:\/\/www.ambienteyenergia.gob.ec\/ambiente\/wp-json\/wp\/v2\/types\/post"}],"author":[{"embeddable":true,"href":"https:\/\/www.ambienteyenergia.gob.ec\/ambiente\/wp-json\/wp\/v2\/users\/13"}],"replies":[{"embeddable":true,"href":"https:\/\/www.ambienteyenergia.gob.ec\/ambiente\/wp-json\/wp\/v2\/comments?post=20546"}],"version-history":[{"count":0,"href":"https:\/\/www.ambienteyenergia.gob.ec\/ambiente\/wp-json\/wp\/v2\/posts\/20546\/revisions"}],"wp:featuredmedia":[{"embeddable":true,"href":"https:\/\/www.ambienteyenergia.gob.ec\/ambiente\/wp-json\/wp\/v2\/media\/20547"}],"wp:attachment":[{"href":"https:\/\/www.ambienteyenergia.gob.ec\/ambiente\/wp-json\/wp\/v2\/media?parent=20546"}],"wp:term":[{"taxonomy":"category","embeddable":true,"href":"https:\/\/www.ambienteyenergia.gob.ec\/ambiente\/wp-json\/wp\/v2\/categories?post=20546"},{"taxonomy":"post_tag","embeddable":true,"href":"https:\/\/www.ambienteyenergia.gob.ec\/ambiente\/wp-json\/wp\/v2\/tags?post=20546"}],"curies":[{"name":"wp","href":"https:\/\/api.w.org\/{rel}","templated":true}]}}