{"id":20539,"date":"2014-06-02T14:29:16","date_gmt":"2014-06-02T19:29:16","guid":{"rendered":"http:\/\/www.ambiente.gob.ec\/?p=20539"},"modified":"2014-06-02T14:29:16","modified_gmt":"2014-06-02T19:29:16","slug":"mae-ejecuta-proyecto-sobre-manejo-de-ganaderia-sostenible","status":"publish","type":"post","link":"https:\/\/www.ambienteyenergia.gob.ec\/ambiente\/mae-ejecuta-proyecto-sobre-manejo-de-ganaderia-sostenible\/","title":{"rendered":"MAE ejecuta proyecto sobre manejo de ganader\u00eda sostenible"},"content":{"rendered":"<p style=\"text-align: justify;\">En Ecuador, la ganader\u00eda es una actividad econ\u00f3mica importante. La contribuci\u00f3n promedio del sector agropecuario a la econom\u00eda nacional durante el periodo 1985-2005 fue del 13%. En 2008, la participaci\u00f3n del sector agropecuario en el PIB fue del 10,7%, ubic\u00e1ndose en el segundo lugar despu\u00e9s de la producci\u00f3n petrolera. Sin embargo, la producci\u00f3n pecuaria sigue siendo altamente insostenible en algunas provincias, generando tres principales amenazas para el medio ambiente local y mundial: i) p\u00e9rdidas de suelo y riesgos de desertificaci\u00f3n; ii) aumento de contaminantes y las emisiones de gases de efecto invernadero; y iii) extensi\u00f3n de la frontera del ganado.<\/p>\n<p style=\"text-align: justify;\">Ante las amenazas presentes, el Ministerio del Ambiente del Ecuador (MAE) en conjunto con el Ministerio de Agricultura, Ganader\u00eda, Acuacultura y Pesca, promueve el proyecto \u201cManejo de ganader\u00eda sostenible, integrando la reversi\u00f3n de degradaci\u00f3n de tierras y reducci\u00f3n del riesgo de desertificaci\u00f3n en provincias vulnerables\u201d.<\/p>\n<p style=\"text-align: justify;\">Este proyecto es una iniciativa que se est\u00e1 desarrollando con el apoyo de FAO y el financiamiento del Fondo para el Medio Ambiente Mundial GEF y actualmente se encuentra en la fase de levantamiento de informaci\u00f3n.<\/p>\n<p style=\"text-align: justify;\">El objetivo principal es contribuir a la reducci\u00f3n de la degradaci\u00f3n de suelos e incrementar la capacidad de adaptaci\u00f3n al cambio clim\u00e1tico y mitigaci\u00f3n de emisiones de GEI, a trav\u00e9s de la implementaci\u00f3n de pol\u00edticas intersectoriales y t\u00e9cnicas de ganader\u00eda sostenible, con particular atenci\u00f3n en las provincias vulnerables .<\/p>\n<p style=\"text-align: justify;\">El proyecto constituye un importante aporte a la adaptaci\u00f3n y mitigaci\u00f3n del cambio clim\u00e1tico en el sector agropecuario. El componente 1 del proyecto busca implementar acuerdos y recomendaciones bajo la Convenci\u00f3n Marco de Naciones Unidas sobre el Cambio Clim\u00e1tico (CMNUCC). Particularmente, apoyar\u00e1 el dise\u00f1o de un documento de Acci\u00f3n Nacional para la Mitigaci\u00f3n (NAMA por sus siglas en ingl\u00e9s) de una manera participativa e interinstitucional, y una adecuada metodolog\u00eda de Monitoreo, Reporte y Verificaci\u00f3n (MRV). La NAMA incluir\u00e1: a) una estrategia de manejo ganadero sostenible para la mitigaci\u00f3n al cambio clim\u00e1tico, y b) una pol\u00edtica para manejo integral sostenible de fincas ganaderas.<\/p>\n<p style=\"text-align: justify;\">Para implementar estas acciones a nivel nacional y provincial, esta Cartera de Estado promover\u00e1 el desarrollo de capacidades de personal clave del MAE, del Ministerio de Agricultura, Ganader\u00eda, Acuacultura y Pesca (MAGAP), y de los Gobiernos Aut\u00f3nomos Descentralizados (GAD) de siete provincias seleccionadas: Napo, Morona Santiago, Guayas, Imbabura, Loja, Manab\u00ed y Santa Elena.<\/p>\n<p style=\"text-align: justify;\">\nLos pr\u00f3ximos talleres se realizar\u00e1n en: Loja, martes 3 de junio; Tena, jueves 5 de junio y Macas, 6 de junio.<\/p>\n","protected":false},"excerpt":{"rendered":"<p class=\"excerpt\">En Ecuador, la ganader\u00eda es una actividad econ\u00f3mica importante. La contribuci\u00f3n promedio del sector agropecuario a la econom\u00eda nacional durante el periodo 1985-2005 fue del 13%. En 2008, la participaci\u00f3n del sector agropecuario en el PIB fue del 10,7%, ubic\u00e1ndose en el segundo lugar despu\u00e9s de la producci\u00f3n petrolera. Sin embargo, la producci\u00f3n pecuaria sigue siendo altamente insostenible en algunas&hellip; <a href=\"https:\/\/www.ambienteyenergia.gob.ec\/ambiente\/mae-ejecuta-proyecto-sobre-manejo-de-ganaderia-sostenible\/\">Read more &rarr;<\/a><\/p>\n","protected":false},"author":13,"featured_media":20540,"comment_status":"open","ping_status":"open","sticky":false,"template":"","format":"standard","meta":{"footnotes":""},"categories":[16,4],"tags":[],"class_list":["post-20539","post","type-post","status-publish","format-standard","has-post-thumbnail","hentry","category-comunicamos","category-noticias","xfolkentry"],"_links":{"self":[{"href":"https:\/\/www.ambienteyenergia.gob.ec\/ambiente\/wp-json\/wp\/v2\/posts\/20539","targetHints":{"allow":["GET"]}}],"collection":[{"href":"https:\/\/www.ambienteyenergia.gob.ec\/ambiente\/wp-json\/wp\/v2\/posts"}],"about":[{"href":"https:\/\/www.ambienteyenergia.gob.ec\/ambiente\/wp-json\/wp\/v2\/types\/post"}],"author":[{"embeddable":true,"href":"https:\/\/www.ambienteyenergia.gob.ec\/ambiente\/wp-json\/wp\/v2\/users\/13"}],"replies":[{"embeddable":true,"href":"https:\/\/www.ambienteyenergia.gob.ec\/ambiente\/wp-json\/wp\/v2\/comments?post=20539"}],"version-history":[{"count":0,"href":"https:\/\/www.ambienteyenergia.gob.ec\/ambiente\/wp-json\/wp\/v2\/posts\/20539\/revisions"}],"wp:featuredmedia":[{"embeddable":true,"href":"https:\/\/www.ambienteyenergia.gob.ec\/ambiente\/wp-json\/wp\/v2\/media\/20540"}],"wp:attachment":[{"href":"https:\/\/www.ambienteyenergia.gob.ec\/ambiente\/wp-json\/wp\/v2\/media?parent=20539"}],"wp:term":[{"taxonomy":"category","embeddable":true,"href":"https:\/\/www.ambienteyenergia.gob.ec\/ambiente\/wp-json\/wp\/v2\/categories?post=20539"},{"taxonomy":"post_tag","embeddable":true,"href":"https:\/\/www.ambienteyenergia.gob.ec\/ambiente\/wp-json\/wp\/v2\/tags?post=20539"}],"curies":[{"name":"wp","href":"https:\/\/api.w.org\/{rel}","templated":true}]}}