{"id":20536,"date":"2014-06-02T13:27:27","date_gmt":"2014-06-02T18:27:27","guid":{"rendered":"http:\/\/www.ambiente.gob.ec\/?p=20536"},"modified":"2014-06-02T13:27:27","modified_gmt":"2014-06-02T18:27:27","slug":"chimborazo-inicia-festividades-por-la-semana-del-ambiente-con-jornadas-de-educacion","status":"publish","type":"post","link":"https:\/\/www.ambienteyenergia.gob.ec\/ambiente\/chimborazo-inicia-festividades-por-la-semana-del-ambiente-con-jornadas-de-educacion\/","title":{"rendered":"Chimborazo inicia festividades por la semana del ambiente con jornadas de educaci\u00f3n"},"content":{"rendered":"<p style=\"text-align: justify;\">El Ministerio del Ambiente (MAE), a trav\u00e9s de la Direcci\u00f3n Provincial de Chimborazo y en coordinaci\u00f3n con los j\u00f3venes del Proyecto Servicio Civil Ciudadano (SCC), desarrolla actividades de educaci\u00f3n ambiental alternativa por la semana del ambiente en los buses urbanos de la ciudad de Riobamba, con la finalidad de socializar y explicar la importancia de la fecha mundial celebrada el 5 de junio de cada a\u00f1o.<\/p>\n<p style=\"text-align: justify;\">Alrededor de 22 participantes de Gesti\u00f3n Ambiental del SCC se distribuyeron por las diferentes rutas del cant\u00f3n Riobamba para ilustrar a la ciudadan\u00eda la importancia del D\u00eda Internacional del Ambiente y el papel que desempe\u00f1a el MAE en el Ecuador. Los j\u00f3venes del SCC de forma l\u00fadica prepararon preguntas para obtener la atenci\u00f3n y participaci\u00f3n de los ciudadanos que hacen uso del transporte p\u00fablico.<\/p>\n<p style=\"text-align: justify;\">La actividad de educaci\u00f3n alternativa se complement\u00f3 con la colocaci\u00f3n de afiches did\u00e1cticos alusivos a la celebraci\u00f3n de inter\u00e9s mundial en los lugares de afluencia masiva de personas, con el prop\u00f3sito de promover pr\u00e1cticas adecuadas para reducir el impacto ambiental en el planeta.<\/p>\n<p style=\"text-align: justify;\">Asimismo, la poblaci\u00f3n riobambe\u00f1a mostr\u00f3 gran inter\u00e9s, por ello, apoyaron la iniciativa colocando afiches en sus negocios. Durante la primera semana de junio, la actividad de concienciaci\u00f3n continuar\u00e1 por las dem\u00e1s localidades de la provincia con el objetivo de posicionar la fecha en la memoria colectiva de las personas.<\/p>\n<p>&nbsp;<\/p>\n","protected":false},"excerpt":{"rendered":"<p class=\"excerpt\">El Ministerio del Ambiente (MAE), a trav\u00e9s de la Direcci\u00f3n Provincial de Chimborazo y en coordinaci\u00f3n con los j\u00f3venes del Proyecto Servicio Civil Ciudadano (SCC), desarrolla actividades de educaci\u00f3n ambiental alternativa por la semana del ambiente en los buses urbanos de la ciudad de Riobamba, con la finalidad de socializar y explicar la importancia de la fecha mundial celebrada el&hellip; <a href=\"https:\/\/www.ambienteyenergia.gob.ec\/ambiente\/chimborazo-inicia-festividades-por-la-semana-del-ambiente-con-jornadas-de-educacion\/\">Read more &rarr;<\/a><\/p>\n","protected":false},"author":13,"featured_media":20537,"comment_status":"open","ping_status":"open","sticky":false,"template":"","format":"standard","meta":{"footnotes":""},"categories":[16,4],"tags":[478,53,54],"class_list":["post-20536","post","type-post","status-publish","format-standard","has-post-thumbnail","hentry","category-comunicamos","category-noticias","tag-educacion-ambiental","tag-mae","tag-ministerio-del-ambiente","xfolkentry"],"_links":{"self":[{"href":"https:\/\/www.ambienteyenergia.gob.ec\/ambiente\/wp-json\/wp\/v2\/posts\/20536","targetHints":{"allow":["GET"]}}],"collection":[{"href":"https:\/\/www.ambienteyenergia.gob.ec\/ambiente\/wp-json\/wp\/v2\/posts"}],"about":[{"href":"https:\/\/www.ambienteyenergia.gob.ec\/ambiente\/wp-json\/wp\/v2\/types\/post"}],"author":[{"embeddable":true,"href":"https:\/\/www.ambienteyenergia.gob.ec\/ambiente\/wp-json\/wp\/v2\/users\/13"}],"replies":[{"embeddable":true,"href":"https:\/\/www.ambienteyenergia.gob.ec\/ambiente\/wp-json\/wp\/v2\/comments?post=20536"}],"version-history":[{"count":0,"href":"https:\/\/www.ambienteyenergia.gob.ec\/ambiente\/wp-json\/wp\/v2\/posts\/20536\/revisions"}],"wp:featuredmedia":[{"embeddable":true,"href":"https:\/\/www.ambienteyenergia.gob.ec\/ambiente\/wp-json\/wp\/v2\/media\/20537"}],"wp:attachment":[{"href":"https:\/\/www.ambienteyenergia.gob.ec\/ambiente\/wp-json\/wp\/v2\/media?parent=20536"}],"wp:term":[{"taxonomy":"category","embeddable":true,"href":"https:\/\/www.ambienteyenergia.gob.ec\/ambiente\/wp-json\/wp\/v2\/categories?post=20536"},{"taxonomy":"post_tag","embeddable":true,"href":"https:\/\/www.ambienteyenergia.gob.ec\/ambiente\/wp-json\/wp\/v2\/tags?post=20536"}],"curies":[{"name":"wp","href":"https:\/\/api.w.org\/{rel}","templated":true}]}}