{"id":20530,"date":"2014-06-02T09:38:49","date_gmt":"2014-06-02T14:38:49","guid":{"rendered":"http:\/\/www.ambiente.gob.ec\/?p=20530"},"modified":"2014-06-02T09:38:49","modified_gmt":"2014-06-02T14:38:49","slug":"22-miembros-de-la-upma-de-zamora-fueron-capacitados-sobre-control-forestal-y-vida-silvestre","status":"publish","type":"post","link":"https:\/\/www.ambienteyenergia.gob.ec\/ambiente\/22-miembros-de-la-upma-de-zamora-fueron-capacitados-sobre-control-forestal-y-vida-silvestre\/","title":{"rendered":"22 miembros de la UPMA de Zamora fueron capacitados sobre control forestal y vida silvestre"},"content":{"rendered":"<p style=\"text-align: justify;\">Con el fin de regular y administrar el aprovechamiento sostenible de los bosques, el Ministerio del Ambiente (MAE) trabaja coordinadamente con la Polic\u00eda Nacional y las Fuerzas Armadas, en el control de productos forestales y vida silvestre. Por esta raz\u00f3n, esta Cartera de Estado con el apoyo de la Cooperaci\u00f3n T\u00e9cnica Alemana (GIZ) organiz\u00f3 un taller dirigido a 22 miembros de la Unidad de Protecci\u00f3n del Medio Ambiente (UPMA) de la provincia de Zamora Chinchipe.<\/p>\n<p style=\"text-align: justify;\">Esta jornada busca, principalmente, fortalecer las capacidades y conocimientos de los uniformados en materia ambiental. Para ello, t\u00e9cnicos del MAE explicaron a los asistentes sobre los causales para proceder con la retenci\u00f3n de productos forestales maderables y no maderables, as\u00ed tambi\u00e9n, se expuso las pol\u00edticas establecidas en la normativa ambiental vigente que pueden ser de utilidad a la hora de cumplir con su labor.<\/p>\n<p style=\"text-align: justify;\">Como resultado de esta capacitaci\u00f3n, se plante\u00f3 construir una propuesta de control forestal y vida silvestre para la provincia de Zamora Chinchipe, esta estrategia, sin duda, permitir\u00e1 mejorar la tarea de control ejecutada de manera conjunta.<\/p>\n<p style=\"text-align: justify;\">Gracias a esta capacitaci\u00f3n, tanto miembros de la UPMA, como funcionarios de la Direcci\u00f3n Provincial del Ambiente de Zamora, tienen mayor claridad sobre operativos de control forestal y vida silvestre, pues se establecieron rutas de movilizaci\u00f3n y puntos de vigilancia.<\/p>\n<p>&nbsp;<\/p>\n","protected":false},"excerpt":{"rendered":"<p class=\"excerpt\">Con el fin de regular y administrar el aprovechamiento sostenible de los bosques, el Ministerio del Ambiente (MAE) trabaja coordinadamente con la Polic\u00eda Nacional y las Fuerzas Armadas, en el control de productos forestales y vida silvestre. Por esta raz\u00f3n, esta Cartera de Estado con el apoyo de la Cooperaci\u00f3n T\u00e9cnica Alemana (GIZ) organiz\u00f3 un taller dirigido a 22 miembros&hellip; <a href=\"https:\/\/www.ambienteyenergia.gob.ec\/ambiente\/22-miembros-de-la-upma-de-zamora-fueron-capacitados-sobre-control-forestal-y-vida-silvestre\/\">Read more &rarr;<\/a><\/p>\n","protected":false},"author":13,"featured_media":20531,"comment_status":"open","ping_status":"open","sticky":false,"template":"","format":"standard","meta":{"footnotes":""},"categories":[16,4],"tags":[261,53,54,321],"class_list":["post-20530","post","type-post","status-publish","format-standard","has-post-thumbnail","hentry","category-comunicamos","category-noticias","tag-control-forestal","tag-mae","tag-ministerio-del-ambiente","tag-zamora-chinchipe","xfolkentry"],"_links":{"self":[{"href":"https:\/\/www.ambienteyenergia.gob.ec\/ambiente\/wp-json\/wp\/v2\/posts\/20530","targetHints":{"allow":["GET"]}}],"collection":[{"href":"https:\/\/www.ambienteyenergia.gob.ec\/ambiente\/wp-json\/wp\/v2\/posts"}],"about":[{"href":"https:\/\/www.ambienteyenergia.gob.ec\/ambiente\/wp-json\/wp\/v2\/types\/post"}],"author":[{"embeddable":true,"href":"https:\/\/www.ambienteyenergia.gob.ec\/ambiente\/wp-json\/wp\/v2\/users\/13"}],"replies":[{"embeddable":true,"href":"https:\/\/www.ambienteyenergia.gob.ec\/ambiente\/wp-json\/wp\/v2\/comments?post=20530"}],"version-history":[{"count":0,"href":"https:\/\/www.ambienteyenergia.gob.ec\/ambiente\/wp-json\/wp\/v2\/posts\/20530\/revisions"}],"wp:featuredmedia":[{"embeddable":true,"href":"https:\/\/www.ambienteyenergia.gob.ec\/ambiente\/wp-json\/wp\/v2\/media\/20531"}],"wp:attachment":[{"href":"https:\/\/www.ambienteyenergia.gob.ec\/ambiente\/wp-json\/wp\/v2\/media?parent=20530"}],"wp:term":[{"taxonomy":"category","embeddable":true,"href":"https:\/\/www.ambienteyenergia.gob.ec\/ambiente\/wp-json\/wp\/v2\/categories?post=20530"},{"taxonomy":"post_tag","embeddable":true,"href":"https:\/\/www.ambienteyenergia.gob.ec\/ambiente\/wp-json\/wp\/v2\/tags?post=20530"}],"curies":[{"name":"wp","href":"https:\/\/api.w.org\/{rel}","templated":true}]}}