{"id":20526,"date":"2014-05-30T18:31:14","date_gmt":"2014-05-30T23:31:14","guid":{"rendered":"http:\/\/www.ambiente.gob.ec\/?p=20526"},"modified":"2014-05-31T12:31:36","modified_gmt":"2014-05-31T17:31:36","slug":"mae-realiza-limpieza-de-manglar-en-isla-corazon","status":"publish","type":"post","link":"https:\/\/www.ambienteyenergia.gob.ec\/ambiente\/mae-realiza-limpieza-de-manglar-en-isla-corazon\/","title":{"rendered":"MAE realiza limpieza de manglar en Isla Coraz\u00f3n"},"content":{"rendered":"<p style=\"text-align: justify;\">Funcionarios del Ministerio del Ambiente (MAE), con ayuda de gu\u00edas naturalistas realizaron una minga y recolecci\u00f3n de desechos s\u00f3lidos en el Refugio de Vida Silvestre Isla Coraz\u00f3n y Fragatas.<\/p>\n<p style=\"text-align: justify;\">A la labor se unieron los voluntarios del Servicio Civil Ciudadano y habitantes de la comunidad, quienes recolectaron un total de 1095 libras de desechos en una extensi\u00f3n de 6 mil metros cuadrados a lo largo de las islas.<\/p>\n<p style=\"text-align: justify;\">El objetivo de esta actividad es concienciar a las poblaciones asentadas en los alrededores del manglar, sobre la necesidad de realizar una buena disposici\u00f3n final de los desechos s\u00f3lidos. Estos no deben ser lanzados al agua o quemados, sino trasladados hasta las ciudades m\u00e1s cercanas para que reciban un adecuado proceso en los rellenos sanitarios.<\/p>\n","protected":false},"excerpt":{"rendered":"<p class=\"excerpt\">Funcionarios del Ministerio del Ambiente (MAE), con ayuda de gu\u00edas naturalistas realizaron una minga y recolecci\u00f3n de desechos s\u00f3lidos en el Refugio de Vida Silvestre Isla Coraz\u00f3n y Fragatas. A la labor se unieron los voluntarios del Servicio Civil Ciudadano y habitantes de la comunidad, quienes recolectaron un total de 1095 libras de desechos en una extensi\u00f3n de 6 mil&hellip; <a href=\"https:\/\/www.ambienteyenergia.gob.ec\/ambiente\/mae-realiza-limpieza-de-manglar-en-isla-corazon\/\">Read more &rarr;<\/a><\/p>\n","protected":false},"author":13,"featured_media":20527,"comment_status":"open","ping_status":"open","sticky":false,"template":"","format":"standard","meta":{"footnotes":""},"categories":[16,4],"tags":[],"class_list":["post-20526","post","type-post","status-publish","format-standard","has-post-thumbnail","hentry","category-comunicamos","category-noticias","xfolkentry"],"_links":{"self":[{"href":"https:\/\/www.ambienteyenergia.gob.ec\/ambiente\/wp-json\/wp\/v2\/posts\/20526","targetHints":{"allow":["GET"]}}],"collection":[{"href":"https:\/\/www.ambienteyenergia.gob.ec\/ambiente\/wp-json\/wp\/v2\/posts"}],"about":[{"href":"https:\/\/www.ambienteyenergia.gob.ec\/ambiente\/wp-json\/wp\/v2\/types\/post"}],"author":[{"embeddable":true,"href":"https:\/\/www.ambienteyenergia.gob.ec\/ambiente\/wp-json\/wp\/v2\/users\/13"}],"replies":[{"embeddable":true,"href":"https:\/\/www.ambienteyenergia.gob.ec\/ambiente\/wp-json\/wp\/v2\/comments?post=20526"}],"version-history":[{"count":0,"href":"https:\/\/www.ambienteyenergia.gob.ec\/ambiente\/wp-json\/wp\/v2\/posts\/20526\/revisions"}],"wp:featuredmedia":[{"embeddable":true,"href":"https:\/\/www.ambienteyenergia.gob.ec\/ambiente\/wp-json\/wp\/v2\/media\/20527"}],"wp:attachment":[{"href":"https:\/\/www.ambienteyenergia.gob.ec\/ambiente\/wp-json\/wp\/v2\/media?parent=20526"}],"wp:term":[{"taxonomy":"category","embeddable":true,"href":"https:\/\/www.ambienteyenergia.gob.ec\/ambiente\/wp-json\/wp\/v2\/categories?post=20526"},{"taxonomy":"post_tag","embeddable":true,"href":"https:\/\/www.ambienteyenergia.gob.ec\/ambiente\/wp-json\/wp\/v2\/tags?post=20526"}],"curies":[{"name":"wp","href":"https:\/\/api.w.org\/{rel}","templated":true}]}}