{"id":20523,"date":"2014-05-30T18:24:30","date_gmt":"2014-05-30T23:24:30","guid":{"rendered":"http:\/\/www.ambiente.gob.ec\/?p=20523"},"modified":"2014-05-31T12:27:10","modified_gmt":"2014-05-31T17:27:10","slug":"educacion-ambiental-sobre-manejo-de-desechos-solidos-y-cuidado-del-ambiente","status":"publish","type":"post","link":"https:\/\/www.ambienteyenergia.gob.ec\/ambiente\/educacion-ambiental-sobre-manejo-de-desechos-solidos-y-cuidado-del-ambiente\/","title":{"rendered":"Educaci\u00f3n Ambiental sobre manejo de desechos s\u00f3lidos y cuidado del ambiente"},"content":{"rendered":"<p style=\"text-align: justify;\">El 30 de mayo del 2014, La Direcci\u00f3n Provincial del Ambiente de\u00a0 Imbabura \u00a0del t\u00e9cnico de la Reserva Ecol\u00f3gica Cotacachi Cayapas del Distrito Pi\u00f1\u00e1n, se realiz\u00f3 Educaci\u00f3n Ambiental, sobre \u00a0manejo de\u00a0 desechos s\u00f3lidos y cuidado del ambiente, \u00a0al \u201cCENTRO DE ANTENCION DOMICILIAR PARA PERSONAS ADULTAS MAYORES DE LA PARROQUIA\u201d en el coliseo Dolores Gallegos de la parroquia de San Blas, \u00a0cant\u00f3n Urcuqui.<\/p>\n<p style=\"text-align: justify;\">\n<p style=\"text-align: justify;\">Del Taller participaron 50 personas entre ellos 30 mujeres 20 hombres, Los mismos que se comprometieron a cuidar el ambiente con pr\u00e1cticas como no botar basura, ahorrar energ\u00eda, no mal gastar el agua entre otras actividades y de igual forma replicar\u00e1n lo aprendido con sus familiares y amigos.<\/p>\n","protected":false},"excerpt":{"rendered":"<p class=\"excerpt\">El 30 de mayo del 2014, La Direcci\u00f3n Provincial del Ambiente de\u00a0 Imbabura \u00a0del t\u00e9cnico de la Reserva Ecol\u00f3gica Cotacachi Cayapas del Distrito Pi\u00f1\u00e1n, se realiz\u00f3 Educaci\u00f3n Ambiental, sobre \u00a0manejo de\u00a0 desechos s\u00f3lidos y cuidado del ambiente, \u00a0al \u201cCENTRO DE ANTENCION DOMICILIAR PARA PERSONAS ADULTAS MAYORES DE LA PARROQUIA\u201d en el coliseo Dolores Gallegos de la parroquia de San Blas,&hellip; <a href=\"https:\/\/www.ambienteyenergia.gob.ec\/ambiente\/educacion-ambiental-sobre-manejo-de-desechos-solidos-y-cuidado-del-ambiente\/\">Read more &rarr;<\/a><\/p>\n","protected":false},"author":13,"featured_media":20524,"comment_status":"open","ping_status":"open","sticky":false,"template":"","format":"standard","meta":{"footnotes":""},"categories":[16,4],"tags":[],"class_list":["post-20523","post","type-post","status-publish","format-standard","has-post-thumbnail","hentry","category-comunicamos","category-noticias","xfolkentry"],"_links":{"self":[{"href":"https:\/\/www.ambienteyenergia.gob.ec\/ambiente\/wp-json\/wp\/v2\/posts\/20523","targetHints":{"allow":["GET"]}}],"collection":[{"href":"https:\/\/www.ambienteyenergia.gob.ec\/ambiente\/wp-json\/wp\/v2\/posts"}],"about":[{"href":"https:\/\/www.ambienteyenergia.gob.ec\/ambiente\/wp-json\/wp\/v2\/types\/post"}],"author":[{"embeddable":true,"href":"https:\/\/www.ambienteyenergia.gob.ec\/ambiente\/wp-json\/wp\/v2\/users\/13"}],"replies":[{"embeddable":true,"href":"https:\/\/www.ambienteyenergia.gob.ec\/ambiente\/wp-json\/wp\/v2\/comments?post=20523"}],"version-history":[{"count":0,"href":"https:\/\/www.ambienteyenergia.gob.ec\/ambiente\/wp-json\/wp\/v2\/posts\/20523\/revisions"}],"wp:featuredmedia":[{"embeddable":true,"href":"https:\/\/www.ambienteyenergia.gob.ec\/ambiente\/wp-json\/wp\/v2\/media\/20524"}],"wp:attachment":[{"href":"https:\/\/www.ambienteyenergia.gob.ec\/ambiente\/wp-json\/wp\/v2\/media?parent=20523"}],"wp:term":[{"taxonomy":"category","embeddable":true,"href":"https:\/\/www.ambienteyenergia.gob.ec\/ambiente\/wp-json\/wp\/v2\/categories?post=20523"},{"taxonomy":"post_tag","embeddable":true,"href":"https:\/\/www.ambienteyenergia.gob.ec\/ambiente\/wp-json\/wp\/v2\/tags?post=20523"}],"curies":[{"name":"wp","href":"https:\/\/api.w.org\/{rel}","templated":true}]}}