{"id":20520,"date":"2014-05-31T12:19:03","date_gmt":"2014-05-31T17:19:03","guid":{"rendered":"http:\/\/www.ambiente.gob.ec\/?p=20520"},"modified":"2014-05-31T12:19:03","modified_gmt":"2014-05-31T17:19:03","slug":"ministra-de-ambiente-lorena-tapia-superviso-trabajos-para-reflotar-galapaface-i","status":"publish","type":"post","link":"https:\/\/www.ambienteyenergia.gob.ec\/ambiente\/ministra-de-ambiente-lorena-tapia-superviso-trabajos-para-reflotar-galapaface-i\/","title":{"rendered":"Ministra de Ambiente, Lorena Tapia, supervis\u00f3 trabajos para reflotar Galapaface I"},"content":{"rendered":"<p style=\"text-align: justify;\">La ministra de Ambiente, Lorena Tapia, arrib\u00f3\u00a0ayer\u00a0a San Crist\u00f3bal, capital de la provincial insular, para participar de una Sesi\u00f3n Extraordinaria del Pleno del Consejo de Gobierno de Gal\u00e1pagos. Aprovech\u00f3 su visita para supervisar los avances de los trabajos relacionados con el Acuerdo 132, con el que esta cartera de Estado declara emergencia ambiental en las islas, por el encallamiento del buque de carga Galapaface I, ocurrido el pasado\u00a09 de mayo.<\/p>\n<p>El Pleno de Consejo de Gobierno analiz\u00f3 y resolvi\u00f3 algunos temas relacionados con la planificaci\u00f3n regional, como la matriz de evaluaci\u00f3n de proyectos para infraestructura hotelera; procedimiento para el otorgamiento del Permiso de Operaci\u00f3n Insular (POI); Convenio de Cooperaci\u00f3n Interinstitucional entre el Consejo de Gobierno del R\u00e9gimen Especial de Gal\u00e1pagos y el Instituto Ecuatoriano de Cr\u00e9dito Educativo y Becas, cuyo objetivo es impulsar acciones para potenciar la formaci\u00f3n, capacitaci\u00f3n y profesionalizaci\u00f3n del capital humano de la regi\u00f3n; entre otros temas.<\/p>\n<p>En esta sesi\u00f3n del Pleno del Consejo de Gobierno de Gal\u00e1pagos, tambi\u00e9n se conoci\u00f3 el informe sobre el estado del buque Galapaface I, por parte del presidente del Comit\u00e9 de Operaciones de Emergencia COE, y de la Direcci\u00f3n del Parque Nacional Gal\u00e1pagos (DPNG), entidad que lidera las acciones para cumplir con el acuerdo de emergencia ambiental.<\/p>\n<p>Hoy, desde muy temprano,\u00a0la Ministra de Ambiente,Lorena Tapia, junto a Arturo Izurieta, Director del Parque Nacional Gal\u00e1pagos, visit\u00f3 la zona del encallamiento del Galapaface I, para constatar la situaci\u00f3n actual de la nave.\u00a0\u00a0Durante el recorrido, Izurieta explic\u00f3 a la Ministra Tapia cada una de las acciones ejecutadas por la DPNG para evitar que este accidente represente una amenaza ambiental para los ecosistemas de las islas; asimismo, explic\u00f3 el procedimiento que se ejecutar\u00e1 para lograr reflotar la nave y posteriormente retirarla de la Reserva Marina de Gal\u00e1pagos.\u00a0 \u00abNo escatimaremos esfuerzos para reflotar la embarcaci\u00f3n con el m\u00ednimo impacto al ecosistema, tenemos un equipo multidisciplinario supervisando estas tareas, como Autoridad Ambiental Nacional, velaremos por la protecci\u00f3n de la Reserva\u00bb, recalc\u00f3 la Ministra Tapia.<\/p>\n<div style=\"text-align: justify;\"><\/div>\n","protected":false},"excerpt":{"rendered":"<p class=\"excerpt\">La ministra de Ambiente, Lorena Tapia, arrib\u00f3\u00a0ayer\u00a0a San Crist\u00f3bal, capital de la provincial insular, para participar de una Sesi\u00f3n Extraordinaria del Pleno del Consejo de Gobierno de Gal\u00e1pagos. Aprovech\u00f3 su visita para supervisar los avances de los trabajos relacionados con el Acuerdo 132, con el que esta cartera de Estado declara emergencia ambiental en las islas, por el encallamiento del&hellip; <a href=\"https:\/\/www.ambienteyenergia.gob.ec\/ambiente\/ministra-de-ambiente-lorena-tapia-superviso-trabajos-para-reflotar-galapaface-i\/\">Read more &rarr;<\/a><\/p>\n","protected":false},"author":13,"featured_media":20521,"comment_status":"open","ping_status":"open","sticky":false,"template":"","format":"standard","meta":{"footnotes":""},"categories":[16,4,10],"tags":[],"class_list":["post-20520","post","type-post","status-publish","format-standard","has-post-thumbnail","hentry","category-comunicamos","category-noticias","category-noticias-destacadas","xfolkentry"],"_links":{"self":[{"href":"https:\/\/www.ambienteyenergia.gob.ec\/ambiente\/wp-json\/wp\/v2\/posts\/20520","targetHints":{"allow":["GET"]}}],"collection":[{"href":"https:\/\/www.ambienteyenergia.gob.ec\/ambiente\/wp-json\/wp\/v2\/posts"}],"about":[{"href":"https:\/\/www.ambienteyenergia.gob.ec\/ambiente\/wp-json\/wp\/v2\/types\/post"}],"author":[{"embeddable":true,"href":"https:\/\/www.ambienteyenergia.gob.ec\/ambiente\/wp-json\/wp\/v2\/users\/13"}],"replies":[{"embeddable":true,"href":"https:\/\/www.ambienteyenergia.gob.ec\/ambiente\/wp-json\/wp\/v2\/comments?post=20520"}],"version-history":[{"count":0,"href":"https:\/\/www.ambienteyenergia.gob.ec\/ambiente\/wp-json\/wp\/v2\/posts\/20520\/revisions"}],"wp:featuredmedia":[{"embeddable":true,"href":"https:\/\/www.ambienteyenergia.gob.ec\/ambiente\/wp-json\/wp\/v2\/media\/20521"}],"wp:attachment":[{"href":"https:\/\/www.ambienteyenergia.gob.ec\/ambiente\/wp-json\/wp\/v2\/media?parent=20520"}],"wp:term":[{"taxonomy":"category","embeddable":true,"href":"https:\/\/www.ambienteyenergia.gob.ec\/ambiente\/wp-json\/wp\/v2\/categories?post=20520"},{"taxonomy":"post_tag","embeddable":true,"href":"https:\/\/www.ambienteyenergia.gob.ec\/ambiente\/wp-json\/wp\/v2\/tags?post=20520"}],"curies":[{"name":"wp","href":"https:\/\/api.w.org\/{rel}","templated":true}]}}