{"id":20516,"date":"2014-05-30T23:16:14","date_gmt":"2014-05-31T04:16:14","guid":{"rendered":"http:\/\/www.ambiente.gob.ec\/?p=20516"},"modified":"2014-05-30T23:21:15","modified_gmt":"2014-05-31T04:21:15","slug":"mae-cuenta-con-el-acuerdo-ministerial-n-062-que-prohibe-maltrato-de-animales-silvestres-en-circos","status":"publish","type":"post","link":"https:\/\/www.ambienteyenergia.gob.ec\/ambiente\/mae-cuenta-con-el-acuerdo-ministerial-n-062-que-prohibe-maltrato-de-animales-silvestres-en-circos\/","title":{"rendered":"MAE cuenta con el acuerdo Ministerial N\u00b0 062 que proh\u00edbe maltrato de animales silvestres en circos"},"content":{"rendered":"<p style=\"text-align: justify;\">El Ministerio del Ambiente de Ecuador (MAE) expidi\u00f3 el Acuerdo Ministerial N\u00b0 062 para prohibir la tenencia de espec\u00edmenes de vida silvestre en actividades circenses, con el objetivo de evitar el tr\u00e1fico, comercializaci\u00f3n y maltrato de estos animales que deben contar con un h\u00e1bitat adecuado para su desarrollo, reproducci\u00f3n y vida.<\/p>\n<p style=\"text-align: justify;\">En este contexto el archivo de la propuesta de Ley sobre la protecci\u00f3n de animales nativos, que se encontraba en debate en la Asamblea Nacional se debi\u00f3 a que nuestro pa\u00eds ya contaba con una herramienta legal y normativa para regular y controlar las actividades, que de forma directa o indirecta, causaban maltrato a animales que en muchos de los casos se encuentran es estado de extinci\u00f3n.<\/p>\n<p style=\"text-align: justify;\">Este acuerdo, que se encuentra en vigencia desde el 2010, contempla las medidas para regular la actividad de circos, y prevenir el maltrato a los animales silvestres de una manera m\u00e1s t\u00e9cnica, y si es del caso observar algunos de los art\u00edculos contenidos en ese cuerpo normativo.<\/p>\n<p style=\"text-align: justify;\">Es por tal motivo que dentro de las observaciones que se realizaron al proyecto de ley se indic\u00f3 que no se incluy\u00f3 la prohibici\u00f3n de la utilizaci\u00f3n de fauna silvestre nativa o ex\u00f3tica a las exposiciones o exhibiciones itinerantes, aspecto fundamental para sustentar la protecci\u00f3n a las especies y su no utilizaci\u00f3n en espect\u00e1culos p\u00fablicos. Adem\u00e1s, la Ley propuesta no contemplaba a las exposiciones itinerantes, lo que dejaba abiertas muchas posibilidades de utilizaci\u00f3n de animales en otros actos que pudiesen evadir lo de \u00abespect\u00e1culos\u00bb y originar maltrato.<\/p>\n<p style=\"text-align: justify;\">El MAE como m\u00e1ximo ente rector de pol\u00edticas de conservaci\u00f3n ambiental ha desarrollado diferentes herramientas normativas de car\u00e1cter legal y regulatorio con el fin de preservar nuestro patrimonio natural, que incluye absolutamente todas las especies de fauna y flora silvestre (\u00e1mbito de acci\u00f3n y competencias) que existen en nuestro pa\u00eds.<\/p>\n<p style=\"text-align: justify;\">Conoce lo que dice el Acuerdo Ministerial N\u00ba 062 <a href=\"http:\/\/www.ambienteyenergia.gob.ec\/ambiente\/wp-content\/uploads\/downloads\/2014\/05\/062_DOC_.pdf\">aqui<\/a><\/p>\n","protected":false},"excerpt":{"rendered":"<p class=\"excerpt\">El Ministerio del Ambiente de Ecuador (MAE) expidi\u00f3 el Acuerdo Ministerial N\u00b0 062 para prohibir la tenencia de espec\u00edmenes de vida silvestre en actividades circenses, con el objetivo de evitar el tr\u00e1fico, comercializaci\u00f3n y maltrato de estos animales que deben contar con un h\u00e1bitat adecuado para su desarrollo, reproducci\u00f3n y vida. En este contexto el archivo de la propuesta de&hellip; <a href=\"https:\/\/www.ambienteyenergia.gob.ec\/ambiente\/mae-cuenta-con-el-acuerdo-ministerial-n-062-que-prohibe-maltrato-de-animales-silvestres-en-circos\/\">Read more &rarr;<\/a><\/p>\n","protected":false},"author":13,"featured_media":19936,"comment_status":"open","ping_status":"open","sticky":false,"template":"","format":"standard","meta":{"footnotes":""},"categories":[16,4],"tags":[509,507,508,108,53,408],"class_list":["post-20516","post","type-post","status-publish","format-standard","has-post-thumbnail","hentry","category-comunicamos","category-noticias","tag-asamblea-nacional","tag-circo","tag-ley","tag-lorena-tapia","tag-mae","tag-vida-silvestre","xfolkentry"],"_links":{"self":[{"href":"https:\/\/www.ambienteyenergia.gob.ec\/ambiente\/wp-json\/wp\/v2\/posts\/20516","targetHints":{"allow":["GET"]}}],"collection":[{"href":"https:\/\/www.ambienteyenergia.gob.ec\/ambiente\/wp-json\/wp\/v2\/posts"}],"about":[{"href":"https:\/\/www.ambienteyenergia.gob.ec\/ambiente\/wp-json\/wp\/v2\/types\/post"}],"author":[{"embeddable":true,"href":"https:\/\/www.ambienteyenergia.gob.ec\/ambiente\/wp-json\/wp\/v2\/users\/13"}],"replies":[{"embeddable":true,"href":"https:\/\/www.ambienteyenergia.gob.ec\/ambiente\/wp-json\/wp\/v2\/comments?post=20516"}],"version-history":[{"count":0,"href":"https:\/\/www.ambienteyenergia.gob.ec\/ambiente\/wp-json\/wp\/v2\/posts\/20516\/revisions"}],"wp:featuredmedia":[{"embeddable":true,"href":"https:\/\/www.ambienteyenergia.gob.ec\/ambiente\/wp-json\/wp\/v2\/media\/19936"}],"wp:attachment":[{"href":"https:\/\/www.ambienteyenergia.gob.ec\/ambiente\/wp-json\/wp\/v2\/media?parent=20516"}],"wp:term":[{"taxonomy":"category","embeddable":true,"href":"https:\/\/www.ambienteyenergia.gob.ec\/ambiente\/wp-json\/wp\/v2\/categories?post=20516"},{"taxonomy":"post_tag","embeddable":true,"href":"https:\/\/www.ambienteyenergia.gob.ec\/ambiente\/wp-json\/wp\/v2\/tags?post=20516"}],"curies":[{"name":"wp","href":"https:\/\/api.w.org\/{rel}","templated":true}]}}