{"id":20513,"date":"2014-05-30T18:47:55","date_gmt":"2014-05-30T23:47:55","guid":{"rendered":"http:\/\/www.ambiente.gob.ec\/?p=20513"},"modified":"2014-05-30T18:47:55","modified_gmt":"2014-05-30T23:47:55","slug":"balsas-aporto-a-la-construccion-del-plan-de-reparacion-de-la-cuenca-del-rio-puyango","status":"publish","type":"post","link":"https:\/\/www.ambienteyenergia.gob.ec\/ambiente\/balsas-aporto-a-la-construccion-del-plan-de-reparacion-de-la-cuenca-del-rio-puyango\/","title":{"rendered":"Balsas aport\u00f3 a la construcci\u00f3n del Plan de Reparaci\u00f3n de la Cuenca del R\u00edo Puyango"},"content":{"rendered":"<p style=\"text-align: justify;\">La ciudad de Balsas, ubicada en la provincia de El Oro, acogi\u00f3 este 28 de mayo a las autoridades y ciudadanos de varias localidades de El Oro y Loja, en el marco del segundo taller participativo para la construcci\u00f3n del Plan de Reparaci\u00f3n Integral de la Cuenca del R\u00edo Puyango. El encuentro fue organizado por el Programa de Reparaci\u00f3n Ambiental y Social (PRAS) del Ministerio del Ambiente.<\/p>\n<p style=\"text-align: justify;\">El primer taller realizado en marzo, en el cant\u00f3n Portovelo, ubicado en la misma provincia, analiz\u00f3 la problem\u00e1tica socioambiental de la cuenca alta del r\u00edo Puyango. \u00a0En este \u00faltimo taller se buscaba analizar la situaci\u00f3n de la cuenca media. Para ello fue importante la participaci\u00f3n de actores pol\u00edticos y civiles de los cantones Balsas, Marcabeli y Las Lajas, de la provincia de El Oro y del cant\u00f3n Chaguarpamba, \u00a0de la provincia de Loja. Estas localidades est\u00e1n ubicadas a orillas del r\u00edo Puyango y disponen de sus aguas para diversos fines.<\/p>\n<p style=\"text-align: justify;\">Durante el encuentro, el PRAS present\u00f3 los resultados del diagn\u00f3stico socioambiental de la zona. La idea fue intercambiar propuestas de soluci\u00f3n y acciones que restituyan los Derechos de la Naturaleza, como indica la Constituci\u00f3n del Ecuador.<\/p>\n<p style=\"text-align: justify;\">Los resultados presentados revelaron un serio problema de contaminaci\u00f3n, provocado por la actividad agropecuaria que, a causa del mal manejo del suelo, ha generado deforestaci\u00f3n y deterioro de la capa f\u00e9rtil.<\/p>\n<p style=\"text-align: justify;\">La producci\u00f3n agropecuaria en las provincias del Oro y de Loja es la principal actividad productiva. Seg\u00fan los asistentes, el uso de herbicidas, el tratamiento de ganado porcino y vacuno, as\u00ed como el tratamiento de aguas residuales, constituyen un problema constante en la cuenca media.<\/p>\n<p style=\"text-align: justify;\">La realidad socioambiental de la zona fue analizada en tres mesas tem\u00e1ticas referidas a: restauraci\u00f3n, soluciones a la problem\u00e1tica socio ambiental y garant\u00edas de no repetici\u00f3n.<\/p>\n<p style=\"text-align: justify;\">\u00a0La respuesta favorable de las autoridades y los representantes locales contribuy\u00f3 a destacar puntos clave de la problem\u00e1tica y a proponer soluciones posibles que fueron sistematizadas por el equipo del PRAS.<\/p>\n<p style=\"text-align: justify;\">Juan Jos\u00e9 Balc\u00e1zar, Vicealcalde de Chaguarpamba, expres\u00f3 su apoyo al proyecto. Para \u00e9l, es importante vigilar la calidad del ambiente. Las autoridades y la ciudadan\u00eda son los responsables del entorno al que se pertenecen.<\/p>\n<p style=\"text-align: justify;\">Ignacio Mart\u00ednez, Gerente del Programa de Reparaci\u00f3n Ambiental y Social, agradeci\u00f3 la presencia de todos quienes se dieron cita a la jornada. Comprometi\u00f3 a los representantes a mantenerse al tanto de las actividades y avances del Plan de Reparaci\u00f3n de la Cuenca del Puyango, con el fin de trabajar mancomunadamente por su cumplimiento.<\/p>\n<p style=\"text-align: justify;\">A fines de julio se llevar\u00e1n a cabo otros talleres en la cuenca baja del r\u00edo Puyango. Asistir\u00e1n representantes de las localidades que se encuentra dentro de la zona de estudio.<\/p>\n<p style=\"text-align: justify;\">Se prev\u00e9 que en diciembre de este a\u00f1o el PRAS cuente con un informe del Plan de Reparaci\u00f3n de la Cuenca del R\u00edo Puyango que abarque actividades y acciones concretas para mejorar la calidad ambiental y social de la zona de estudio.<\/p>\n<p style=\"text-align: justify;\">\n","protected":false},"excerpt":{"rendered":"<p class=\"excerpt\">La ciudad de Balsas, ubicada en la provincia de El Oro, acogi\u00f3 este 28 de mayo a las autoridades y ciudadanos de varias localidades de El Oro y Loja, en el marco del segundo taller participativo para la construcci\u00f3n del Plan de Reparaci\u00f3n Integral de la Cuenca del R\u00edo Puyango. El encuentro fue organizado por el Programa de Reparaci\u00f3n Ambiental&hellip; <a href=\"https:\/\/www.ambienteyenergia.gob.ec\/ambiente\/balsas-aporto-a-la-construccion-del-plan-de-reparacion-de-la-cuenca-del-rio-puyango\/\">Read more &rarr;<\/a><\/p>\n","protected":false},"author":13,"featured_media":20514,"comment_status":"open","ping_status":"open","sticky":false,"template":"","format":"standard","meta":{"footnotes":""},"categories":[16,4],"tags":[53,299],"class_list":["post-20513","post","type-post","status-publish","format-standard","has-post-thumbnail","hentry","category-comunicamos","category-noticias","tag-mae","tag-pras","xfolkentry"],"_links":{"self":[{"href":"https:\/\/www.ambienteyenergia.gob.ec\/ambiente\/wp-json\/wp\/v2\/posts\/20513","targetHints":{"allow":["GET"]}}],"collection":[{"href":"https:\/\/www.ambienteyenergia.gob.ec\/ambiente\/wp-json\/wp\/v2\/posts"}],"about":[{"href":"https:\/\/www.ambienteyenergia.gob.ec\/ambiente\/wp-json\/wp\/v2\/types\/post"}],"author":[{"embeddable":true,"href":"https:\/\/www.ambienteyenergia.gob.ec\/ambiente\/wp-json\/wp\/v2\/users\/13"}],"replies":[{"embeddable":true,"href":"https:\/\/www.ambienteyenergia.gob.ec\/ambiente\/wp-json\/wp\/v2\/comments?post=20513"}],"version-history":[{"count":0,"href":"https:\/\/www.ambienteyenergia.gob.ec\/ambiente\/wp-json\/wp\/v2\/posts\/20513\/revisions"}],"wp:featuredmedia":[{"embeddable":true,"href":"https:\/\/www.ambienteyenergia.gob.ec\/ambiente\/wp-json\/wp\/v2\/media\/20514"}],"wp:attachment":[{"href":"https:\/\/www.ambienteyenergia.gob.ec\/ambiente\/wp-json\/wp\/v2\/media?parent=20513"}],"wp:term":[{"taxonomy":"category","embeddable":true,"href":"https:\/\/www.ambienteyenergia.gob.ec\/ambiente\/wp-json\/wp\/v2\/categories?post=20513"},{"taxonomy":"post_tag","embeddable":true,"href":"https:\/\/www.ambienteyenergia.gob.ec\/ambiente\/wp-json\/wp\/v2\/tags?post=20513"}],"curies":[{"name":"wp","href":"https:\/\/api.w.org\/{rel}","templated":true}]}}