{"id":20508,"date":"2014-05-30T16:47:58","date_gmt":"2014-05-30T21:47:58","guid":{"rendered":"http:\/\/www.ambiente.gob.ec\/?p=20508"},"modified":"2014-05-30T16:47:58","modified_gmt":"2014-05-30T21:47:58","slug":"mae-desarrolla-taller-para-la-gestion-del-destino-para-areas-protegidas","status":"publish","type":"post","link":"https:\/\/www.ambienteyenergia.gob.ec\/ambiente\/mae-desarrolla-taller-para-la-gestion-del-destino-para-areas-protegidas\/","title":{"rendered":"MAE desarrolla Taller para la Gesti\u00f3n del destino para \u00e1reas protegidas"},"content":{"rendered":"<p style=\"text-align: justify;\">El Ministerio del Ambiente (MAE) realiz\u00f3 el taller para la Metodolog\u00eda de Gesti\u00f3n del Destino en la ciudad de Salinas, Provincia de Santa Elena y cont\u00f3 con la participaci\u00f3n de Jefes de 10 \u00e1reas protegidas; Amazon\u00eda: Yasun\u00ec, Limoncocha y Cuyabeno, Sierra: Reserva ecol\u00f3gica Cotacachi Coyapas, Reserva Geobot\u00e1nica Pululahua, Chimborazo y Cotopaxi, Costa: Parque Nacional Machalilla, Reserva Ecol\u00f3gica Manglares Churute, Reserva de Producci\u00f3n Faun\u00edstica Marina Costera Puntilla de Santa Elena, as\u00ed como tambi\u00e9n t\u00e9cnicos de turismo, bi\u00f3logos y guardaparques.<\/p>\n<p>La ponencia estuvo a cargo de Sebasti\u00e1n Sierra, T\u00e9cnico de Turismo en \u00c1reas Protegidas de la Direcci\u00f3n Nacional de Biodiversidad y Ver\u00f3nica Mu\u00f1oz representante de Rainforest Alliance.<\/p>\n<p>El Plan de Manejo de Visitantes (PMV) es una herramienta que busca lograr un mejor manejo tur\u00edstico en \u00e1reas protegidas, evitando as\u00ed que los visitantes afecten o causen un impacto sobre este recurso priorizando.<\/p>\n<p>Este documento t\u00e9cnico ayudar\u00e1 a los guardaparques a mejorar el manejo de los visitantes, recursos sociales y actividades de gesti\u00f3n, creando destrezas internas a todo el equipo t\u00e9cnico.<\/p>\n<p>De esta manera se crear\u00e1 conocimiento y comportamiento en los visitantes de la diferentes \u00e1reas protegidas, generando as\u00ed un turismo consiente especializado.<\/p>\n","protected":false},"excerpt":{"rendered":"<p class=\"excerpt\">El Ministerio del Ambiente (MAE) realiz\u00f3 el taller para la Metodolog\u00eda de Gesti\u00f3n del Destino en la ciudad de Salinas, Provincia de Santa Elena y cont\u00f3 con la participaci\u00f3n de Jefes de 10 \u00e1reas protegidas; Amazon\u00eda: Yasun\u00ec, Limoncocha y Cuyabeno, Sierra: Reserva ecol\u00f3gica Cotacachi Coyapas, Reserva Geobot\u00e1nica Pululahua, Chimborazo y Cotopaxi, Costa: Parque Nacional Machalilla, Reserva Ecol\u00f3gica Manglares Churute, Reserva&hellip; <a href=\"https:\/\/www.ambienteyenergia.gob.ec\/ambiente\/mae-desarrolla-taller-para-la-gestion-del-destino-para-areas-protegidas\/\">Read more &rarr;<\/a><\/p>\n","protected":false},"author":13,"featured_media":20509,"comment_status":"open","ping_status":"open","sticky":false,"template":"","format":"standard","meta":{"footnotes":""},"categories":[16,4],"tags":[],"class_list":["post-20508","post","type-post","status-publish","format-standard","has-post-thumbnail","hentry","category-comunicamos","category-noticias","xfolkentry"],"_links":{"self":[{"href":"https:\/\/www.ambienteyenergia.gob.ec\/ambiente\/wp-json\/wp\/v2\/posts\/20508","targetHints":{"allow":["GET"]}}],"collection":[{"href":"https:\/\/www.ambienteyenergia.gob.ec\/ambiente\/wp-json\/wp\/v2\/posts"}],"about":[{"href":"https:\/\/www.ambienteyenergia.gob.ec\/ambiente\/wp-json\/wp\/v2\/types\/post"}],"author":[{"embeddable":true,"href":"https:\/\/www.ambienteyenergia.gob.ec\/ambiente\/wp-json\/wp\/v2\/users\/13"}],"replies":[{"embeddable":true,"href":"https:\/\/www.ambienteyenergia.gob.ec\/ambiente\/wp-json\/wp\/v2\/comments?post=20508"}],"version-history":[{"count":0,"href":"https:\/\/www.ambienteyenergia.gob.ec\/ambiente\/wp-json\/wp\/v2\/posts\/20508\/revisions"}],"wp:featuredmedia":[{"embeddable":true,"href":"https:\/\/www.ambienteyenergia.gob.ec\/ambiente\/wp-json\/wp\/v2\/media\/20509"}],"wp:attachment":[{"href":"https:\/\/www.ambienteyenergia.gob.ec\/ambiente\/wp-json\/wp\/v2\/media?parent=20508"}],"wp:term":[{"taxonomy":"category","embeddable":true,"href":"https:\/\/www.ambienteyenergia.gob.ec\/ambiente\/wp-json\/wp\/v2\/categories?post=20508"},{"taxonomy":"post_tag","embeddable":true,"href":"https:\/\/www.ambienteyenergia.gob.ec\/ambiente\/wp-json\/wp\/v2\/tags?post=20508"}],"curies":[{"name":"wp","href":"https:\/\/api.w.org\/{rel}","templated":true}]}}