{"id":20499,"date":"2014-05-30T15:44:16","date_gmt":"2014-05-30T20:44:16","guid":{"rendered":"http:\/\/www.ambiente.gob.ec\/?p=20499"},"modified":"2014-05-30T15:44:16","modified_gmt":"2014-05-30T20:44:16","slug":"ministerio-del-ambiente-entrego-reconocimiento-ambiental-punto-verde-a-adelca","status":"publish","type":"post","link":"https:\/\/www.ambienteyenergia.gob.ec\/ambiente\/ministerio-del-ambiente-entrego-reconocimiento-ambiental-punto-verde-a-adelca\/","title":{"rendered":"Ministerio del Ambiente entreg\u00f3 Reconocimiento Ambiental &#8216;Punto Verde&#8217; a Adelca"},"content":{"rendered":"<p style=\"text-align: justify;\">El Ministerio del Ambiente del Ecuador (MAE), con el objetivo de incentivar al sector p\u00fablico y privado, a emplear nuevas y mejores pr\u00e1cticas productivas y de servicios, desarroll\u00f3 &#8216;Punto Verde&#8217; como una herramienta para fomentar la competitividad del sector industrial y de servicios, comprometi\u00e9ndolos con la protecci\u00f3n y conservaci\u00f3n del ambiente.<\/p>\n<p style=\"text-align: justify;\">\n<p style=\"text-align: justify;\">Bajo esta premisa, suscribi\u00f3 el Acuerdo Ministerial 131, el cual realiza una evaluaci\u00f3n comparativa de indicadores de por lo menos dos a\u00f1os de gesti\u00f3n, en los ejes tem\u00e1ticos de ahorro y uso eficiente de agua, energ\u00eda, transporte y papel, gesti\u00f3n de residuos, compras p\u00fablicas responsables y capacitaci\u00f3n a personal. Una vez que se verifica el cumplimiento de estos requerimientos, el MAE entrega el reconocimiento.<\/p>\n<p style=\"text-align: justify;\">\n<p style=\"text-align: justify;\">Este jueves 29 de Mayo, el Ministerio del Ambiente del Ecuador (MAE), entreg\u00f3 el Reconocimiento Ambiental Punto Verde \u2013 Procesos Limpios a Acer\u00eda del Ecuador C.A ADELCA, en reconocimiento a sus buenas pr\u00e1cticas ambientales.<\/p>\n<p style=\"text-align: justify;\">\n<p style=\"text-align: justify;\">La empresa ADELCA, en su proceso de producci\u00f3n reduce 0,07m\u00b3 de agua por cada tonelada producida, lo cual representa desde enero 2012 hasta julio 2013 un ahorro total de USD \u00a07&#8242; 791,70 por la reutilizaci\u00f3n de agua en las torres de enfriamiento, lo que equivale a un ahorro mensual en promedio de USD 410,09; adem\u00e1s cabe resaltar que el porcentaje de cumplimiento del formulario de autoevaluaci\u00f3n <i>in situ<\/i> fue del 95%.<\/p>\n<p style=\"text-align: justify;\">\n<p style=\"text-align: justify;\">Paula Guerra, Gerente del Programa Nacional para la Gesti\u00f3n Integral de Desechos S\u00f3lidos, en nombre de la Ministra de Ambiente, Lorena Tapia, felicit\u00f3 a ADELCA por su compromiso con el ambiente y el pa\u00eds; y resalt\u00f3 que con este tipo de iniciativas se busca consolidar una cultura administrativa que motive al sector empresarial a asumir su responsabilidad con la sociedad, de manera que su negocio sea m\u00e1s competitivo, adaptando y readecuando\u00a0 sus sistemas productivos a las necesidades del mercado y del ambiente.<\/p>\n","protected":false},"excerpt":{"rendered":"<p class=\"excerpt\">El Ministerio del Ambiente del Ecuador (MAE), con el objetivo de incentivar al sector p\u00fablico y privado, a emplear nuevas y mejores pr\u00e1cticas productivas y de servicios, desarroll\u00f3 &#8216;Punto Verde&#8217; como una herramienta para fomentar la competitividad del sector industrial y de servicios, comprometi\u00e9ndolos con la protecci\u00f3n y conservaci\u00f3n del ambiente. Bajo esta premisa, suscribi\u00f3 el Acuerdo Ministerial 131, el&hellip; <a href=\"https:\/\/www.ambienteyenergia.gob.ec\/ambiente\/ministerio-del-ambiente-entrego-reconocimiento-ambiental-punto-verde-a-adelca\/\">Read more &rarr;<\/a><\/p>\n","protected":false},"author":13,"featured_media":20503,"comment_status":"open","ping_status":"open","sticky":false,"template":"","format":"standard","meta":{"footnotes":""},"categories":[16,4],"tags":[],"class_list":["post-20499","post","type-post","status-publish","format-standard","has-post-thumbnail","hentry","category-comunicamos","category-noticias","xfolkentry"],"_links":{"self":[{"href":"https:\/\/www.ambienteyenergia.gob.ec\/ambiente\/wp-json\/wp\/v2\/posts\/20499","targetHints":{"allow":["GET"]}}],"collection":[{"href":"https:\/\/www.ambienteyenergia.gob.ec\/ambiente\/wp-json\/wp\/v2\/posts"}],"about":[{"href":"https:\/\/www.ambienteyenergia.gob.ec\/ambiente\/wp-json\/wp\/v2\/types\/post"}],"author":[{"embeddable":true,"href":"https:\/\/www.ambienteyenergia.gob.ec\/ambiente\/wp-json\/wp\/v2\/users\/13"}],"replies":[{"embeddable":true,"href":"https:\/\/www.ambienteyenergia.gob.ec\/ambiente\/wp-json\/wp\/v2\/comments?post=20499"}],"version-history":[{"count":0,"href":"https:\/\/www.ambienteyenergia.gob.ec\/ambiente\/wp-json\/wp\/v2\/posts\/20499\/revisions"}],"wp:featuredmedia":[{"embeddable":true,"href":"https:\/\/www.ambienteyenergia.gob.ec\/ambiente\/wp-json\/wp\/v2\/media\/20503"}],"wp:attachment":[{"href":"https:\/\/www.ambienteyenergia.gob.ec\/ambiente\/wp-json\/wp\/v2\/media?parent=20499"}],"wp:term":[{"taxonomy":"category","embeddable":true,"href":"https:\/\/www.ambienteyenergia.gob.ec\/ambiente\/wp-json\/wp\/v2\/categories?post=20499"},{"taxonomy":"post_tag","embeddable":true,"href":"https:\/\/www.ambienteyenergia.gob.ec\/ambiente\/wp-json\/wp\/v2\/tags?post=20499"}],"curies":[{"name":"wp","href":"https:\/\/api.w.org\/{rel}","templated":true}]}}