{"id":20488,"date":"2014-05-29T20:30:21","date_gmt":"2014-05-30T01:30:21","guid":{"rendered":"http:\/\/www.ambiente.gob.ec\/?p=20488"},"modified":"2014-05-30T12:12:25","modified_gmt":"2014-05-30T17:12:25","slug":"ecuador-participa-en-el-seminario-internacional-politicas-publicas-frente-al-cambio-climatico","status":"publish","type":"post","link":"https:\/\/www.ambienteyenergia.gob.ec\/ambiente\/ecuador-participa-en-el-seminario-internacional-politicas-publicas-frente-al-cambio-climatico\/","title":{"rendered":"Ecuador participa en el Seminario Internacional \u201cPol\u00edticas p\u00fablicas frente al cambio clim\u00e1tico\u201d"},"content":{"rendered":"<p style=\"text-align: justify;\">En Quito se realiza el Seminario Internacional \u201cPol\u00edticas p\u00fablicas frente al cambio clim\u00e1tico: medidas pro-desarrollo, reformas fiscales ambientales y avances en la protecci\u00f3n social universal en Am\u00e9rica Latina\u201d, organizado por la Comisi\u00f3n Econ\u00f3mica para Am\u00e9rica Latina (CEPAL), Ministerio del Ambiente (MAE), a trav\u00e9s de la Subsecretar\u00eda de Cambio Clim\u00e1tico y Secretar\u00eda de Educaci\u00f3n Superior, Ciencia, Tecnolog\u00eda e Innovaci\u00f3n (SENESCYT).<\/p>\n<p style=\"text-align: justify;\">Durante su discurso inaugural, la Ministra Lorena Tapia explic\u00f3 que el Ecuador ha asumido compromisos relacionados con este tema tanto a nivel nacional como internacional sin escatimar esfuerzos para fortalecer las capacidades de los sectores involucrados y promover el di\u00e1logo permanente con entidades gubernamentales, no gubernamentales, sociedad civil, academia, entre otros.<\/p>\n<p style=\"text-align: justify;\">Sobre el seminario organizado por CEPAL en el marco del programa EUROCLIMA, asegur\u00f3 la Ministra Tapia que \u00e9ste es un mecanismo de di\u00e1logo pol\u00edtico y adem\u00e1s: \u201cconstituye sin duda alguna un foro id\u00f3neo para la reflexi\u00f3n y generaci\u00f3n de insumos para los decisores pol\u00edticos y las organizaciones involucradas en el proceso de pol\u00edticas p\u00fablicas que apoyan a las Autoridades Ambientales Nacionales en sus esfuerzos por implementar pol\u00edticas de cambio clim\u00e1tico\u201d<\/p>\n<p style=\"text-align: justify;\">El seminario est\u00e1 dirigido principalmente a los puntos focales de los pa\u00edses miembros del programa EUROCLIMA, a tomadores de decisi\u00f3n y expertos de la regi\u00f3n. Asimismo, tiene como intenci\u00f3n avanzar en la definici\u00f3n de temas de pol\u00edtica p\u00fablica que cada pa\u00eds considere relevante incorporar en su agenda de cambio clim\u00e1tico tomando como base las consultas con los puntos focales de EUROCLIMA.<\/p>\n<p style=\"text-align: justify;\">El cambio clim\u00e1tico es uno de los desaf\u00edos m\u00e1s importantes que enfrenta la econom\u00eda global durante este siglo. La magnitud de sus impactos en las actividades econ\u00f3micas y sociales, en los ecosistemas y sus or\u00edgenes globales lo convierte en un tema con causas y consecuencias mundiales que requiere soluci\u00f3n, reconociendo las responsabilidades comunes pero diferenciadas, la participaci\u00f3n organizada del conjunto de los gobiernos nacionales, de la sociedad civil y de diversas instituciones y organismos internacionales.<\/p>\n<p style=\"text-align: justify;\">En este contexto, el seminario Pol\u00edticas p\u00fablicas frente al cambio clim\u00e1tico, busca brindar un espacio de reflexi\u00f3n a los pa\u00edses de la regi\u00f3n para discutir con expertos internacionales de Europa, de Latinoam\u00e9rica y funcionarios p\u00fablicos, sobre las opciones de pol\u00edtica p\u00fablica que tiene Am\u00e9rica Latina frente al Cambio Clim\u00e1tico haciendo especial \u00e9nfasis en las medidas pro-desarrollo, las reformas fiscales ambientales y los avances hacia la protecci\u00f3n social universal.<\/p>\n","protected":false},"excerpt":{"rendered":"<p class=\"excerpt\">En Quito se realiza el Seminario Internacional \u201cPol\u00edticas p\u00fablicas frente al cambio clim\u00e1tico: medidas pro-desarrollo, reformas fiscales ambientales y avances en la protecci\u00f3n social universal en Am\u00e9rica Latina\u201d, organizado por la Comisi\u00f3n Econ\u00f3mica para Am\u00e9rica Latina (CEPAL), Ministerio del Ambiente (MAE), a trav\u00e9s de la Subsecretar\u00eda de Cambio Clim\u00e1tico y Secretar\u00eda de Educaci\u00f3n Superior, Ciencia, Tecnolog\u00eda e Innovaci\u00f3n (SENESCYT). Durante&hellip; <a href=\"https:\/\/www.ambienteyenergia.gob.ec\/ambiente\/ecuador-participa-en-el-seminario-internacional-politicas-publicas-frente-al-cambio-climatico\/\">Read more &rarr;<\/a><\/p>\n","protected":false},"author":13,"featured_media":20493,"comment_status":"open","ping_status":"open","sticky":false,"template":"","format":"standard","meta":{"footnotes":""},"categories":[16,4],"tags":[133,48,108,53,49],"class_list":["post-20488","post","type-post","status-publish","format-standard","has-post-thumbnail","hentry","category-comunicamos","category-noticias","tag-cambio-climatico","tag-ecuador","tag-lorena-tapia","tag-mae","tag-quito","xfolkentry"],"_links":{"self":[{"href":"https:\/\/www.ambienteyenergia.gob.ec\/ambiente\/wp-json\/wp\/v2\/posts\/20488","targetHints":{"allow":["GET"]}}],"collection":[{"href":"https:\/\/www.ambienteyenergia.gob.ec\/ambiente\/wp-json\/wp\/v2\/posts"}],"about":[{"href":"https:\/\/www.ambienteyenergia.gob.ec\/ambiente\/wp-json\/wp\/v2\/types\/post"}],"author":[{"embeddable":true,"href":"https:\/\/www.ambienteyenergia.gob.ec\/ambiente\/wp-json\/wp\/v2\/users\/13"}],"replies":[{"embeddable":true,"href":"https:\/\/www.ambienteyenergia.gob.ec\/ambiente\/wp-json\/wp\/v2\/comments?post=20488"}],"version-history":[{"count":0,"href":"https:\/\/www.ambienteyenergia.gob.ec\/ambiente\/wp-json\/wp\/v2\/posts\/20488\/revisions"}],"wp:featuredmedia":[{"embeddable":true,"href":"https:\/\/www.ambienteyenergia.gob.ec\/ambiente\/wp-json\/wp\/v2\/media\/20493"}],"wp:attachment":[{"href":"https:\/\/www.ambienteyenergia.gob.ec\/ambiente\/wp-json\/wp\/v2\/media?parent=20488"}],"wp:term":[{"taxonomy":"category","embeddable":true,"href":"https:\/\/www.ambienteyenergia.gob.ec\/ambiente\/wp-json\/wp\/v2\/categories?post=20488"},{"taxonomy":"post_tag","embeddable":true,"href":"https:\/\/www.ambienteyenergia.gob.ec\/ambiente\/wp-json\/wp\/v2\/tags?post=20488"}],"curies":[{"name":"wp","href":"https:\/\/api.w.org\/{rel}","templated":true}]}}