{"id":20485,"date":"2014-05-29T18:10:01","date_gmt":"2014-05-29T23:10:01","guid":{"rendered":"http:\/\/www.ambiente.gob.ec\/?p=20485"},"modified":"2014-05-29T18:10:01","modified_gmt":"2014-05-29T23:10:01","slug":"mae-socializo-estrategia-nacional-de-incentivos-para-la-conservacion-y-uso-sostenible-de-patrimonio-natural-en-loja","status":"publish","type":"post","link":"https:\/\/www.ambienteyenergia.gob.ec\/ambiente\/mae-socializo-estrategia-nacional-de-incentivos-para-la-conservacion-y-uso-sostenible-de-patrimonio-natural-en-loja\/","title":{"rendered":"MAE socializ\u00f3 estrategia nacional de incentivos para la conservaci\u00f3n y uso sostenible de patrimonio natural en Loja"},"content":{"rendered":"<p style=\"text-align: justify;\">El Ministerio del Ambiente de Ecuador (MAE), por medio de la Direcci\u00f3n Provincial del Ambiente de Loja realiz\u00f3 un taller de socializaci\u00f3n sobre la\u00a0 Estrategia Nacional de Incentivos para la Conservaci\u00f3n y Uso Sostenible del Patrimonio Natural a trav\u00e9s del Econ. Max Lascano, Gerente del Proyecto Socio Bosque qui\u00e9n estuvo a cargo de la presentaci\u00f3n.<\/p>\n<p>El evento cont\u00f3 con la participaci\u00f3n de\u00a0 Coordinadores de la Zona 6 y 7, Directores Provinciales de Azuay, Ca\u00f1ar, Morona Santiago, Loja, El Oro y Zamora Chinchipe, y t\u00e9cnicos de la Unidad de Patrimonio y Socio Bosque de las 2 regiones.<\/p>\n<p>Los participantes recibieron informaci\u00f3n sobre esta nueva iniciativa que promueve el MAE y definieron el rol de las Direcciones Provinciales, as\u00ed como el\u00a0 avance en la definici\u00f3n de metas tentativas de reforestaci\u00f3n con fines de restauraci\u00f3n para el presente a\u00f1o.<\/p>\n","protected":false},"excerpt":{"rendered":"<p class=\"excerpt\">El Ministerio del Ambiente de Ecuador (MAE), por medio de la Direcci\u00f3n Provincial del Ambiente de Loja realiz\u00f3 un taller de socializaci\u00f3n sobre la\u00a0 Estrategia Nacional de Incentivos para la Conservaci\u00f3n y Uso Sostenible del Patrimonio Natural a trav\u00e9s del Econ. Max Lascano, Gerente del Proyecto Socio Bosque qui\u00e9n estuvo a cargo de la presentaci\u00f3n. El evento cont\u00f3 con la&hellip; <a href=\"https:\/\/www.ambienteyenergia.gob.ec\/ambiente\/mae-socializo-estrategia-nacional-de-incentivos-para-la-conservacion-y-uso-sostenible-de-patrimonio-natural-en-loja\/\">Read more &rarr;<\/a><\/p>\n","protected":false},"author":13,"featured_media":20486,"comment_status":"open","ping_status":"open","sticky":false,"template":"","format":"standard","meta":{"footnotes":""},"categories":[16,4],"tags":[],"class_list":["post-20485","post","type-post","status-publish","format-standard","has-post-thumbnail","hentry","category-comunicamos","category-noticias","xfolkentry"],"_links":{"self":[{"href":"https:\/\/www.ambienteyenergia.gob.ec\/ambiente\/wp-json\/wp\/v2\/posts\/20485","targetHints":{"allow":["GET"]}}],"collection":[{"href":"https:\/\/www.ambienteyenergia.gob.ec\/ambiente\/wp-json\/wp\/v2\/posts"}],"about":[{"href":"https:\/\/www.ambienteyenergia.gob.ec\/ambiente\/wp-json\/wp\/v2\/types\/post"}],"author":[{"embeddable":true,"href":"https:\/\/www.ambienteyenergia.gob.ec\/ambiente\/wp-json\/wp\/v2\/users\/13"}],"replies":[{"embeddable":true,"href":"https:\/\/www.ambienteyenergia.gob.ec\/ambiente\/wp-json\/wp\/v2\/comments?post=20485"}],"version-history":[{"count":0,"href":"https:\/\/www.ambienteyenergia.gob.ec\/ambiente\/wp-json\/wp\/v2\/posts\/20485\/revisions"}],"wp:featuredmedia":[{"embeddable":true,"href":"https:\/\/www.ambienteyenergia.gob.ec\/ambiente\/wp-json\/wp\/v2\/media\/20486"}],"wp:attachment":[{"href":"https:\/\/www.ambienteyenergia.gob.ec\/ambiente\/wp-json\/wp\/v2\/media?parent=20485"}],"wp:term":[{"taxonomy":"category","embeddable":true,"href":"https:\/\/www.ambienteyenergia.gob.ec\/ambiente\/wp-json\/wp\/v2\/categories?post=20485"},{"taxonomy":"post_tag","embeddable":true,"href":"https:\/\/www.ambienteyenergia.gob.ec\/ambiente\/wp-json\/wp\/v2\/tags?post=20485"}],"curies":[{"name":"wp","href":"https:\/\/api.w.org\/{rel}","templated":true}]}}