{"id":20455,"date":"2014-05-29T12:57:25","date_gmt":"2014-05-29T17:57:25","guid":{"rendered":"http:\/\/www.ambiente.gob.ec\/?p=20455"},"modified":"2014-05-29T12:57:25","modified_gmt":"2014-05-29T17:57:25","slug":"mae-prioriza-soluciones-inmediatas-referentes-al-proyecto-dragado-de-estero-puerto-jeli","status":"publish","type":"post","link":"https:\/\/www.ambienteyenergia.gob.ec\/ambiente\/mae-prioriza-soluciones-inmediatas-referentes-al-proyecto-dragado-de-estero-puerto-jeli\/","title":{"rendered":"MAE prioriza soluciones inmediatas referentes al proyecto Dragado de Estero Puerto Jel\u00ed"},"content":{"rendered":"<p style=\"text-align: justify;\">El Ministerio del Ambiente, el 30 de abril de 2014, suspendi\u00f3 la ejecuci\u00f3n del dragado del estero Jel\u00ed por incumplimiento de las obligaciones que se manifiestan en la licencia ambiental otorgada para la realizaci\u00f3n de las actividades contempladas en el proyecto presentado por el Gobierno Provincial Aut\u00f3nomo de El Oro (GPAO). La prioridad de la Autoridad Ambiental es cuidar y proteger a los ciudadanos para que todos los procesos sean t\u00e9cnicos y as\u00ed para minimizar los impactos.<\/p>\n<p style=\"text-align: justify;\">En este marco, Lorena Tapia, Ministra del Ambiente, recibi\u00f3 en su despacho al Presidente de la C\u00e1mara Nacional de Acuacultura, Asociaciones de Camaroneros de El Oro (APROCAM, ASOCAM, COOP. HUALTACO, SUR PACIFICO), Asamble\u00edstas de la Provincia de El Oro, Alcalde del cant\u00f3n Santa Rosa y al Presidente de la Junta Parroquial de Pto. Jeli, con el objetivo de tratar las razones de la suspensi\u00f3n, la misma que fue motivada por el incumplimiento de las obligaciones establecidas en la licencia ambiental.<\/p>\n<p style=\"text-align: justify;\">En este contexto, la autoridad ambiental, considerando la importancia de la ejecuci\u00f3n de proyectos en beneficio de todos los ecuatorianos, resolvi\u00f3 asumir la ejecuci\u00f3n de las obligaciones establecidas en el numeral 2 de la licencia ambiental que dice que \u201cprevio al inicio del dragado se deber\u00e1 realizar los an\u00e1lisis previo para la caracterizaci\u00f3n de los componentes ambientales del \u00e1rea de influencia directa (bioensayos, an\u00e1lisis, de sedimentos, suelos y agua) informaci\u00f3n habilitante que se presentar\u00e1 para reforzar la l\u00ednea base y la evaluaci\u00f3n ambiental en el transcurso del proyecto. Los resultados de dichos an\u00e1lisis deber\u00e1n ser informados antes de la dar inicio a la ejecuci\u00f3n del dragado\u201d.<\/p>\n<p style=\"text-align: justify;\">Para dar agilidad y soluci\u00f3n al tema, el Ministerio del Ambiente ha coordinado para ma\u00f1ana una visita de campo para definir los puntos en donde se tomar\u00e1n las muestras necesarias para establecer una l\u00ednea base respecto al agua y sedimentos que se encuentran en el Estero.<\/p>\n<p style=\"text-align: justify;\">Al ser el dragado un proyecto prioritario para el pa\u00eds y siendo el MAE el ente que gestiona la conservaci\u00f3n de ecosistemas fr\u00e1giles, como el manglar, esta decisi\u00f3n fortalece y precautela el Buen Vivir de la poblaci\u00f3n de Puerto Jel\u00ed y Santa Rosa.<\/p>\n","protected":false},"excerpt":{"rendered":"<p class=\"excerpt\">El Ministerio del Ambiente, el 30 de abril de 2014, suspendi\u00f3 la ejecuci\u00f3n del dragado del estero Jel\u00ed por incumplimiento de las obligaciones que se manifiestan en la licencia ambiental otorgada para la realizaci\u00f3n de las actividades contempladas en el proyecto presentado por el Gobierno Provincial Aut\u00f3nomo de El Oro (GPAO). La prioridad de la Autoridad Ambiental es cuidar y&hellip; <a href=\"https:\/\/www.ambienteyenergia.gob.ec\/ambiente\/mae-prioriza-soluciones-inmediatas-referentes-al-proyecto-dragado-de-estero-puerto-jeli\/\">Read more &rarr;<\/a><\/p>\n","protected":false},"author":13,"featured_media":19936,"comment_status":"open","ping_status":"open","sticky":false,"template":"","format":"standard","meta":{"footnotes":""},"categories":[16,4],"tags":[145,387],"class_list":["post-20455","post","type-post","status-publish","format-standard","has-post-thumbnail","hentry","category-comunicamos","category-noticias","tag-el-oro","tag-mae-lorena-tapia","xfolkentry"],"_links":{"self":[{"href":"https:\/\/www.ambienteyenergia.gob.ec\/ambiente\/wp-json\/wp\/v2\/posts\/20455","targetHints":{"allow":["GET"]}}],"collection":[{"href":"https:\/\/www.ambienteyenergia.gob.ec\/ambiente\/wp-json\/wp\/v2\/posts"}],"about":[{"href":"https:\/\/www.ambienteyenergia.gob.ec\/ambiente\/wp-json\/wp\/v2\/types\/post"}],"author":[{"embeddable":true,"href":"https:\/\/www.ambienteyenergia.gob.ec\/ambiente\/wp-json\/wp\/v2\/users\/13"}],"replies":[{"embeddable":true,"href":"https:\/\/www.ambienteyenergia.gob.ec\/ambiente\/wp-json\/wp\/v2\/comments?post=20455"}],"version-history":[{"count":0,"href":"https:\/\/www.ambienteyenergia.gob.ec\/ambiente\/wp-json\/wp\/v2\/posts\/20455\/revisions"}],"wp:featuredmedia":[{"embeddable":true,"href":"https:\/\/www.ambienteyenergia.gob.ec\/ambiente\/wp-json\/wp\/v2\/media\/19936"}],"wp:attachment":[{"href":"https:\/\/www.ambienteyenergia.gob.ec\/ambiente\/wp-json\/wp\/v2\/media?parent=20455"}],"wp:term":[{"taxonomy":"category","embeddable":true,"href":"https:\/\/www.ambienteyenergia.gob.ec\/ambiente\/wp-json\/wp\/v2\/categories?post=20455"},{"taxonomy":"post_tag","embeddable":true,"href":"https:\/\/www.ambienteyenergia.gob.ec\/ambiente\/wp-json\/wp\/v2\/tags?post=20455"}],"curies":[{"name":"wp","href":"https:\/\/api.w.org\/{rel}","templated":true}]}}