{"id":20452,"date":"2014-05-29T12:47:59","date_gmt":"2014-05-29T17:47:59","guid":{"rendered":"http:\/\/www.ambiente.gob.ec\/?p=20452"},"modified":"2014-05-29T12:47:59","modified_gmt":"2014-05-29T17:47:59","slug":"mancomunidad-santa-elena-compromete-trabajo-en-equipo-para-gestion-integral-de-residuos-solidos","status":"publish","type":"post","link":"https:\/\/www.ambienteyenergia.gob.ec\/ambiente\/mancomunidad-santa-elena-compromete-trabajo-en-equipo-para-gestion-integral-de-residuos-solidos\/","title":{"rendered":"Mancomunidad Santa Elena compromete trabajo en equipo para Gesti\u00f3n Integral de Residuos S\u00f3lidos"},"content":{"rendered":"<p style=\"text-align: justify;\">El Ministerio del Ambiente a trav\u00e9s del Programa Nacional para la Gesti\u00f3n Integral de Desechos S\u00f3lidos ratific\u00f3 compromiso de trabajo por impulsar la eliminaci\u00f3n de los 4 botaderos a cielo abierto, considerados pasivos ambientales; la gesti\u00f3n integral, el aprovechamiento y la reducci\u00f3n de los residuos s\u00f3lidos, ser\u00e1n posibles mediante la implementaci\u00f3n del modelo de gesti\u00f3n presentado el mes anterior por el Ministerio, a los alcaldes de Santa Elena, La Libertad y Salinas, miembros de la Mancomunidad de Santa Elena.<\/p>\n<p style=\"text-align: justify;\">Santa Elena, mayo de 2014.- Paula Guerra, Gerente del Programa Nacional para la Gesti\u00f3n Integral de Desechos S\u00f3lidos &#8211; PNGIDS, se reuni\u00f3 con los representantes de las m\u00e1ximas autoridades de la provincia de Santa Elena, en donde expuso el compromiso de esta Cartera de Estado con los 221 GADs municipales de todo el pa\u00eds con el fin de garantizar el adecuado manejo de residuos s\u00f3lidos y fortalecer proceso de gesti\u00f3n integral de residuos. Adem\u00e1s, felicit\u00f3 el compromiso de los alcaldes al mancomunarse debido a que los costos de gesti\u00f3n son menores, se aumenta la cobertura de recolecci\u00f3n, se genera procesos de aprovechamiento y se reducen los impactos ambientales.<\/p>\n<p style=\"text-align: justify;\">Dionicio Gonzabay, Alcalde de Santa Elena, dijo \u00abestamos comprometidos con el desarrollo de la mancomunidad de Santa Elena, y con el cambio en la gesti\u00f3n de la Provincia. Adem\u00e1s celebramos el apoyo recibido por parte del Gobierno Central\u00bb. Daniel Cisneros, Alcalde de Salinas, agreg\u00f3 \u00abque se entregar\u00e1 toda la informaci\u00f3n necesaria para cumplir con los procedimientos establecidos, puesto que est\u00e1n comprometidos con el desarrollo de la Provincia\u00bb. Los estudios para la Mancomunidad de Santa Elena en Gesti\u00f3n de Residuos S\u00f3lidos propone la creaci\u00f3n de un relleno sanitario y dos estaciones de transferencia en donde se promover\u00e1 el aprovechamiento. Adem\u00e1s, la creaci\u00f3n de una empresa que se encargue de todas las fases de la gesti\u00f3n: generaci\u00f3n, recolecci\u00f3n, aprovechamiento, disposici\u00f3n final.<\/p>\n<p style=\"text-align: justify;\">En la reuni\u00f3n de trabajo se defini\u00f3 la hoja de ruta que se va a seguir para lograr la implementaci\u00f3n de la gesti\u00f3n integral de residuos s\u00f3lidos, Gonzabay cito \u00abque el cumplimiento no es una obligaci\u00f3n sino un compromiso con los habitantes de la provincia\u00bb. \u00abEl desarrollo de la Provincia es el objetivo primordial de los nuevos alcaldes quienes trabajar\u00e1n en conjunto con el Ministerio del Ambiente para que la ciudadan\u00eda que habite o visite los cantones tenga la garant\u00eda de que los residuos generados van a ser gestionados y tratados de una manera \u00f3ptima\u00bb, fueron la palabras de Guerra para terminar la reuni\u00f3n de trabajo realizada.<\/p>\n","protected":false},"excerpt":{"rendered":"<p class=\"excerpt\">El Ministerio del Ambiente a trav\u00e9s del Programa Nacional para la Gesti\u00f3n Integral de Desechos S\u00f3lidos ratific\u00f3 compromiso de trabajo por impulsar la eliminaci\u00f3n de los 4 botaderos a cielo abierto, considerados pasivos ambientales; la gesti\u00f3n integral, el aprovechamiento y la reducci\u00f3n de los residuos s\u00f3lidos, ser\u00e1n posibles mediante la implementaci\u00f3n del modelo de gesti\u00f3n presentado el mes anterior por&hellip; <a href=\"https:\/\/www.ambienteyenergia.gob.ec\/ambiente\/mancomunidad-santa-elena-compromete-trabajo-en-equipo-para-gestion-integral-de-residuos-solidos\/\">Read more &rarr;<\/a><\/p>\n","protected":false},"author":13,"featured_media":20453,"comment_status":"open","ping_status":"open","sticky":false,"template":"","format":"standard","meta":{"footnotes":""},"categories":[16,4],"tags":[92,387],"class_list":["post-20452","post","type-post","status-publish","format-standard","has-post-thumbnail","hentry","category-comunicamos","category-noticias","tag-desechos-solidos","tag-mae-lorena-tapia","xfolkentry"],"_links":{"self":[{"href":"https:\/\/www.ambienteyenergia.gob.ec\/ambiente\/wp-json\/wp\/v2\/posts\/20452","targetHints":{"allow":["GET"]}}],"collection":[{"href":"https:\/\/www.ambienteyenergia.gob.ec\/ambiente\/wp-json\/wp\/v2\/posts"}],"about":[{"href":"https:\/\/www.ambienteyenergia.gob.ec\/ambiente\/wp-json\/wp\/v2\/types\/post"}],"author":[{"embeddable":true,"href":"https:\/\/www.ambienteyenergia.gob.ec\/ambiente\/wp-json\/wp\/v2\/users\/13"}],"replies":[{"embeddable":true,"href":"https:\/\/www.ambienteyenergia.gob.ec\/ambiente\/wp-json\/wp\/v2\/comments?post=20452"}],"version-history":[{"count":0,"href":"https:\/\/www.ambienteyenergia.gob.ec\/ambiente\/wp-json\/wp\/v2\/posts\/20452\/revisions"}],"wp:featuredmedia":[{"embeddable":true,"href":"https:\/\/www.ambienteyenergia.gob.ec\/ambiente\/wp-json\/wp\/v2\/media\/20453"}],"wp:attachment":[{"href":"https:\/\/www.ambienteyenergia.gob.ec\/ambiente\/wp-json\/wp\/v2\/media?parent=20452"}],"wp:term":[{"taxonomy":"category","embeddable":true,"href":"https:\/\/www.ambienteyenergia.gob.ec\/ambiente\/wp-json\/wp\/v2\/categories?post=20452"},{"taxonomy":"post_tag","embeddable":true,"href":"https:\/\/www.ambienteyenergia.gob.ec\/ambiente\/wp-json\/wp\/v2\/tags?post=20452"}],"curies":[{"name":"wp","href":"https:\/\/api.w.org\/{rel}","templated":true}]}}