{"id":20446,"date":"2014-05-29T12:07:03","date_gmt":"2014-05-29T17:07:03","guid":{"rendered":"http:\/\/www.ambiente.gob.ec\/?p=20446"},"modified":"2014-05-29T12:07:03","modified_gmt":"2014-05-29T17:07:03","slug":"condor-polito-es-monitoreado-permanentemente-por-el-mae","status":"publish","type":"post","link":"https:\/\/www.ambienteyenergia.gob.ec\/ambiente\/condor-polito-es-monitoreado-permanentemente-por-el-mae\/","title":{"rendered":"C\u00f3ndor &#8216;Polito&#8217; es monitoreado permanentemente por el MAE"},"content":{"rendered":"<p style=\"text-align: justify;\">La liberaci\u00f3n del c\u00f3ndor &#8216;Polito&#8217; -suscitado el pasado 21 de mayo- fue un hecho hist\u00f3rico para el Ministerio del Ambiente (MAE), pues fue un paso m\u00e1s para la conservaci\u00f3n de la biodiversidad ecuatoriana. La emblem\u00e1tica ave es monitoreada constantemente por esta Cartera de Estado para verificar su condici\u00f3n y localizaci\u00f3n.<\/p>\n<p style=\"text-align: justify;\">\u2018Polito\u2019 de aproximadamente 18 meses de edad se convirti\u00f3 en la segunda ave en ser liberada con un rastreador satelital, adem\u00e1s de bandas alares identificadoras, las cuales permiten conocer su ubicaci\u00f3n exacta.<\/p>\n<p style=\"text-align: justify;\">\u2018Polito\u2019 actualmente se encuentra sobrevolando la Reserva Ecol\u00f3gica Cotacachi-Cayapas por lo que se presume, est\u00e1 en busca de alimento. Por esta raz\u00f3n, el MAE a trav\u00e9s de la Direcci\u00f3n Provincial de Imbabura, gestion\u00f3 con una Compa\u00f1\u00eda Agr\u00edcola la donaci\u00f3n de un ternero que servir\u00e1 como alimento (carro\u00f1a) para el ave, a fin de facilitar su sobrevivencia y permanencia en el sector.<\/p>\n<p style=\"text-align: justify;\">Hoy, t\u00e9cnicos de la Reserva Ecol\u00f3gica Cotacachi Cayapas &#8211; Distrito Pi\u00f1\u00e1n depositaron el alimento (ternero muerto) en el sector de Pucar\u00e1 de Yanes perteneciente a la Parroquia de Imantag. De esta manera, \u2018Polito\u2019 podr\u00e1 nutrirse y recuperar fuerza para seguir volando en la zona.<\/p>\n<p style=\"text-align: justify;\">Esta actividad que ejecuta el MAE en coordinaci\u00f3n con el Grupo C\u00f3ndor contribuye al trabajo del Programa Integral de Protecci\u00f3n de esta ave, considerada Patrimonio Cultural y Natural de Sudam\u00e9rica.<\/p>\n<p>&nbsp;<\/p>\n","protected":false},"excerpt":{"rendered":"<p class=\"excerpt\">La liberaci\u00f3n del c\u00f3ndor &#8216;Polito&#8217; -suscitado el pasado 21 de mayo- fue un hecho hist\u00f3rico para el Ministerio del Ambiente (MAE), pues fue un paso m\u00e1s para la conservaci\u00f3n de la biodiversidad ecuatoriana. La emblem\u00e1tica ave es monitoreada constantemente por esta Cartera de Estado para verificar su condici\u00f3n y localizaci\u00f3n. \u2018Polito\u2019 de aproximadamente 18 meses de edad se convirti\u00f3 en&hellip; <a href=\"https:\/\/www.ambienteyenergia.gob.ec\/ambiente\/condor-polito-es-monitoreado-permanentemente-por-el-mae\/\">Read more &rarr;<\/a><\/p>\n","protected":false},"author":13,"featured_media":20447,"comment_status":"open","ping_status":"open","sticky":false,"template":"","format":"standard","meta":{"footnotes":""},"categories":[16,4],"tags":[506,53,54],"class_list":["post-20446","post","type-post","status-publish","format-standard","has-post-thumbnail","hentry","category-comunicamos","category-noticias","tag-condor-polito","tag-mae","tag-ministerio-del-ambiente","xfolkentry"],"_links":{"self":[{"href":"https:\/\/www.ambienteyenergia.gob.ec\/ambiente\/wp-json\/wp\/v2\/posts\/20446","targetHints":{"allow":["GET"]}}],"collection":[{"href":"https:\/\/www.ambienteyenergia.gob.ec\/ambiente\/wp-json\/wp\/v2\/posts"}],"about":[{"href":"https:\/\/www.ambienteyenergia.gob.ec\/ambiente\/wp-json\/wp\/v2\/types\/post"}],"author":[{"embeddable":true,"href":"https:\/\/www.ambienteyenergia.gob.ec\/ambiente\/wp-json\/wp\/v2\/users\/13"}],"replies":[{"embeddable":true,"href":"https:\/\/www.ambienteyenergia.gob.ec\/ambiente\/wp-json\/wp\/v2\/comments?post=20446"}],"version-history":[{"count":0,"href":"https:\/\/www.ambienteyenergia.gob.ec\/ambiente\/wp-json\/wp\/v2\/posts\/20446\/revisions"}],"wp:featuredmedia":[{"embeddable":true,"href":"https:\/\/www.ambienteyenergia.gob.ec\/ambiente\/wp-json\/wp\/v2\/media\/20447"}],"wp:attachment":[{"href":"https:\/\/www.ambienteyenergia.gob.ec\/ambiente\/wp-json\/wp\/v2\/media?parent=20446"}],"wp:term":[{"taxonomy":"category","embeddable":true,"href":"https:\/\/www.ambienteyenergia.gob.ec\/ambiente\/wp-json\/wp\/v2\/categories?post=20446"},{"taxonomy":"post_tag","embeddable":true,"href":"https:\/\/www.ambienteyenergia.gob.ec\/ambiente\/wp-json\/wp\/v2\/tags?post=20446"}],"curies":[{"name":"wp","href":"https:\/\/api.w.org\/{rel}","templated":true}]}}