{"id":20440,"date":"2014-05-29T11:18:02","date_gmt":"2014-05-29T16:18:02","guid":{"rendered":"http:\/\/www.ambiente.gob.ec\/?p=20440"},"modified":"2014-05-29T11:19:47","modified_gmt":"2014-05-29T16:19:47","slug":"taller-saberes-y-practicas-ancestrales-para-el-manejo-forestal-sostenible-se-desarrolla-en-imbabura","status":"publish","type":"post","link":"https:\/\/www.ambienteyenergia.gob.ec\/ambiente\/taller-saberes-y-practicas-ancestrales-para-el-manejo-forestal-sostenible-se-desarrolla-en-imbabura\/","title":{"rendered":"Taller &#8216;Saberes y Pr\u00e1cticas Ancestrales para el Manejo Forestal Sostenible&#8217; se desarrolla en Imbabura"},"content":{"rendered":"<p style=\"text-align: justify;\">El Ministerio del Ambiente (MAE), en coordinaci\u00f3n con la Universidad T\u00e9cnica del Norte y el Instituto Interamericano de Cooperaci\u00f3n para la Agricultura (IICA), a trav\u00e9s del programa de \u201cManejo Forestal Sostenible en la Regi\u00f3n Andina\u201d, realiz\u00f3 el Seminario-Taller Internacional denominado \u201cSaberes y Pr\u00e1cticas Ancestrales para el Manejo Forestal Sostenible\u201d, en Imbabura.<\/p>\n<p style=\"text-align: justify;\">El evento financiado por el Ministerio de Asuntos Exteriores de Finlandia y la Corporaci\u00f3n para la Investigaci\u00f3n, Capacitaci\u00f3n y Apoyo T\u00e9cnico para el manejo Sustentable de los Ecosistemas Tropicales (ECOPAR), se desarrolla del 28 al 29 de mayo, con el prop\u00f3sito de dialogar sobre la concepci\u00f3n actual de los bosques.<\/p>\n<p style=\"text-align: justify;\">El taller cont\u00f3 con la participaci\u00f3n de varios expositores locales y extranjeros, quienes explicaron m\u00e1s sobre el recurso forestal su mantenimiento, uso y potencialidades de explotaci\u00f3n con criterios conservacionistas, considerando el cambio de la matriz productiva y energ\u00e9tica del pa\u00eds.<\/p>\n<p style=\"text-align: justify;\">Fernando D\u00edaz, Director Nacional Forestal del MAE, en su intervenci\u00f3n afirm\u00f3 que \u201cen el Ecuador si es posible un manejo forestal sustentable, pues actualmente, se tiene un respaldo y una decisi\u00f3n pol\u00edtica que apoya todas estas iniciativas\u201d.<\/p>\n<p style=\"text-align: justify;\">Este taller terminar\u00e1 el d\u00eda de ma\u00f1ana con la conformaci\u00f3n de mesas de trabajo para determinar acciones necesarias con lo que tiene que ver con frente al mantenimiento forestal y cuidado del planeta.<\/p>\n<p>&nbsp;<\/p>\n","protected":false},"excerpt":{"rendered":"<p class=\"excerpt\">El Ministerio del Ambiente (MAE), en coordinaci\u00f3n con la Universidad T\u00e9cnica del Norte y el Instituto Interamericano de Cooperaci\u00f3n para la Agricultura (IICA), a trav\u00e9s del programa de \u201cManejo Forestal Sostenible en la Regi\u00f3n Andina\u201d, realiz\u00f3 el Seminario-Taller Internacional denominado \u201cSaberes y Pr\u00e1cticas Ancestrales para el Manejo Forestal Sostenible\u201d, en Imbabura. El evento financiado por el Ministerio de Asuntos Exteriores&hellip; <a href=\"https:\/\/www.ambienteyenergia.gob.ec\/ambiente\/taller-saberes-y-practicas-ancestrales-para-el-manejo-forestal-sostenible-se-desarrolla-en-imbabura\/\">Read more &rarr;<\/a><\/p>\n","protected":false},"author":13,"featured_media":20441,"comment_status":"open","ping_status":"open","sticky":false,"template":"","format":"standard","meta":{"footnotes":""},"categories":[16,4],"tags":[],"class_list":["post-20440","post","type-post","status-publish","format-standard","has-post-thumbnail","hentry","category-comunicamos","category-noticias","xfolkentry"],"_links":{"self":[{"href":"https:\/\/www.ambienteyenergia.gob.ec\/ambiente\/wp-json\/wp\/v2\/posts\/20440","targetHints":{"allow":["GET"]}}],"collection":[{"href":"https:\/\/www.ambienteyenergia.gob.ec\/ambiente\/wp-json\/wp\/v2\/posts"}],"about":[{"href":"https:\/\/www.ambienteyenergia.gob.ec\/ambiente\/wp-json\/wp\/v2\/types\/post"}],"author":[{"embeddable":true,"href":"https:\/\/www.ambienteyenergia.gob.ec\/ambiente\/wp-json\/wp\/v2\/users\/13"}],"replies":[{"embeddable":true,"href":"https:\/\/www.ambienteyenergia.gob.ec\/ambiente\/wp-json\/wp\/v2\/comments?post=20440"}],"version-history":[{"count":0,"href":"https:\/\/www.ambienteyenergia.gob.ec\/ambiente\/wp-json\/wp\/v2\/posts\/20440\/revisions"}],"wp:featuredmedia":[{"embeddable":true,"href":"https:\/\/www.ambienteyenergia.gob.ec\/ambiente\/wp-json\/wp\/v2\/media\/20441"}],"wp:attachment":[{"href":"https:\/\/www.ambienteyenergia.gob.ec\/ambiente\/wp-json\/wp\/v2\/media?parent=20440"}],"wp:term":[{"taxonomy":"category","embeddable":true,"href":"https:\/\/www.ambienteyenergia.gob.ec\/ambiente\/wp-json\/wp\/v2\/categories?post=20440"},{"taxonomy":"post_tag","embeddable":true,"href":"https:\/\/www.ambienteyenergia.gob.ec\/ambiente\/wp-json\/wp\/v2\/tags?post=20440"}],"curies":[{"name":"wp","href":"https:\/\/api.w.org\/{rel}","templated":true}]}}