{"id":20437,"date":"2014-05-29T10:42:11","date_gmt":"2014-05-29T15:42:11","guid":{"rendered":"http:\/\/www.ambiente.gob.ec\/?p=20437"},"modified":"2014-05-30T11:55:47","modified_gmt":"2014-05-30T16:55:47","slug":"ministerio-del-ambiente-capacita-a-barrios-con-el-fin-de-reducir-huella-ecologica","status":"publish","type":"post","link":"https:\/\/www.ambienteyenergia.gob.ec\/ambiente\/ministerio-del-ambiente-capacita-a-barrios-con-el-fin-de-reducir-huella-ecologica\/","title":{"rendered":"Ministerio del Ambiente capacita a barrios con el fin de reducir la Huella Ecol\u00f3gica"},"content":{"rendered":"<p style=\"text-align: justify;\"><em>El Ministerio del Ambiente, a trav\u00e9s de la Unidad de Mitigaci\u00f3n de Huella Ecol\u00f3gica, lleva adelante un proceso de capacitaci\u00f3n en tres barrios de la ciudad de Quito. <\/em><\/p>\n<p style=\"text-align: justify;\">Durante tres fines de semana los moradores de los barrios Atucucho, La Mena y Puertas del Sol, se capacitan con la finalidad de desarrollar una cultura de consumo responsable de los recursos naturales. Estos barrios fueron seleccionados por cumplir las siguientes caracter\u00edsticas: alto nivel de organizaci\u00f3n, comprobado compromiso de trabajo por su sector y existencia de experiencias previas en materia ambiental.<\/p>\n<p style=\"text-align: justify;\">El Proyecto Huella Ecol\u00f3gica ha seleccionado a estos barrios para lograr influir en la ciudadan\u00eda y modificar sus patrones de consumo, mediante la capacitaci\u00f3n, involucramiento y empoderamiento de los participantes. Se espera de este modo reducir la Huella Ecol\u00f3gica del barrio.<\/p>\n<p style=\"text-align: justify;\">Los talleres se desarrollan bajo el par\u00e1metro de la \u201cGu\u00eda para capacitaci\u00f3n sobre Huella Ecol\u00f3gica\u201d. La primera semana se trataron temas de ambiente y desarrollo, e impulsaron las actividades pr\u00e1cticas como mejor mecanismo de capacitaci\u00f3n; el segundo fin de semana se explic\u00f3 sobre la tem\u00e1tica de Huella Ecol\u00f3gica, los componentes y formas de c\u00e1lculo y los mecanismos para reducir su impacto; y el tercer fin de semana se promueven las buenas pr\u00e1cticas ambientales, la protecci\u00f3n de la biodiversidad, formaci\u00f3n de huertos urbanos, reducci\u00f3n de la contaminaci\u00f3n ambiental, entre otros.<\/p>\n<p style=\"text-align: justify;\">Para \u00c1lvaro Ruales, Director de Informaci\u00f3n, Seguimiento y Evaluaci\u00f3n, \u201cel Ministerio del Ambiente no s\u00f3lo impulsa la creaci\u00f3n de la normativa ambiental, sino que promueve el involucramiento con la finalidad de lograr un empoderamiento de la ciudadan\u00eda en temas de consumo responsable y disminuci\u00f3n de la Huella Ecol\u00f3gica personal\u201d.<\/p>\n<p style=\"text-align: justify;\">Uno de los ejes de esta capacitaci\u00f3n es el consumo responsable. En ese sentido, el MAE promulga la construcci\u00f3n de un pensamiento cr\u00edtico sobre los consumos y como estos deben estar enmarcados en la promoci\u00f3n de formas justas y solidarias de producci\u00f3n y comercializaci\u00f3n. As\u00ed mismo, se impulsa la b\u00fasqueda de opciones de producci\u00f3n ecol\u00f3gica y la concienciaci\u00f3n en el manejo de las 3 R\u2019s (Reducir, Reusar y Reciclar).<\/p>\n<p style=\"text-align: justify;\">Esta iniciativa \u201cbusca crear conciencia, contribuir con el desarrollo de conocimientos, de actitudes y capacidades; permite crear procesos de evaluaci\u00f3n de impactos ambientales y lo m\u00e1s importante promulga la participaci\u00f3n activa de la ciudadan\u00eda\u201d, afirma Paulina Velastegu\u00ed, Coordinadora de la Unidad de Mitigaci\u00f3n del Proyecto Huella Ecol\u00f3gica.<\/p>\n<p style=\"text-align: justify;\">En los talleres se dan algunos consejos de buenas pr\u00e1cticas ambientales entre ellos est\u00e1n: planifique sus compras y adquiera lo que verdaderamente necesita, reutilice los envases que puedan servir para almacenar otros productos y apoye la comercializaci\u00f3n de productos reciclados.<\/p>\n<p style=\"text-align: justify;\">Yolanda Villavicencio, una de las moradoras que asiste a la capacitaci\u00f3n, dice que estas pr\u00e1cticas le servir\u00e1n para ense\u00f1ar a su familia, bas\u00e1ndose en el manual que le fue entregado. Por su parte, Carlos Ordo\u00f1ez, otro de los participantes, se\u00f1ala que su familia se ha dado cuenta del cambio que se ha producido por las capacitaciones, principalmente porque ha puesto en pr\u00e1ctica la clasificaci\u00f3n de residuos.<\/p>\n<p style=\"text-align: justify;\">Los moradores de los barrios beneficiados felicitan el trabajo del Ministerio del Ambiente y buscan crear una concienciaci\u00f3n del cuidado ambiental y su importancia para futuras generaciones.<\/p>\n<p style=\"text-align: justify;\">Para la realizaci\u00f3n de los talleres de capacitaci\u00f3n se cuenta con funcionarios de los proyectos\u00a0Huella Ecol\u00f3gica, Sistema \u00danico de Informaci\u00f3n Ambiental y Educaci\u00f3n Ambiental del MAE, adem\u00e1s de voluntarios del Servicio Civil Ciudadano quienes aportaron con su entusiasmo, tiempo y compromiso encaminado al servicio de la comunidad y protecci\u00f3n del ambiente.<\/p>\n<p style=\"text-align: justify;\">\n","protected":false},"excerpt":{"rendered":"<p class=\"excerpt\">El Ministerio del Ambiente, a trav\u00e9s de la Unidad de Mitigaci\u00f3n de Huella Ecol\u00f3gica, lleva adelante un proceso de capacitaci\u00f3n en tres barrios de la ciudad de Quito. Durante tres fines de semana los moradores de los barrios Atucucho, La Mena y Puertas del Sol, se capacitan con la finalidad de desarrollar una cultura de consumo responsable de los recursos&hellip; <a href=\"https:\/\/www.ambienteyenergia.gob.ec\/ambiente\/ministerio-del-ambiente-capacita-a-barrios-con-el-fin-de-reducir-huella-ecologica\/\">Read more &rarr;<\/a><\/p>\n","protected":false},"author":13,"featured_media":20438,"comment_status":"open","ping_status":"open","sticky":false,"template":"","format":"standard","meta":{"footnotes":""},"categories":[16,4],"tags":[],"class_list":["post-20437","post","type-post","status-publish","format-standard","has-post-thumbnail","hentry","category-comunicamos","category-noticias","xfolkentry"],"_links":{"self":[{"href":"https:\/\/www.ambienteyenergia.gob.ec\/ambiente\/wp-json\/wp\/v2\/posts\/20437","targetHints":{"allow":["GET"]}}],"collection":[{"href":"https:\/\/www.ambienteyenergia.gob.ec\/ambiente\/wp-json\/wp\/v2\/posts"}],"about":[{"href":"https:\/\/www.ambienteyenergia.gob.ec\/ambiente\/wp-json\/wp\/v2\/types\/post"}],"author":[{"embeddable":true,"href":"https:\/\/www.ambienteyenergia.gob.ec\/ambiente\/wp-json\/wp\/v2\/users\/13"}],"replies":[{"embeddable":true,"href":"https:\/\/www.ambienteyenergia.gob.ec\/ambiente\/wp-json\/wp\/v2\/comments?post=20437"}],"version-history":[{"count":0,"href":"https:\/\/www.ambienteyenergia.gob.ec\/ambiente\/wp-json\/wp\/v2\/posts\/20437\/revisions"}],"wp:featuredmedia":[{"embeddable":true,"href":"https:\/\/www.ambienteyenergia.gob.ec\/ambiente\/wp-json\/wp\/v2\/media\/20438"}],"wp:attachment":[{"href":"https:\/\/www.ambienteyenergia.gob.ec\/ambiente\/wp-json\/wp\/v2\/media?parent=20437"}],"wp:term":[{"taxonomy":"category","embeddable":true,"href":"https:\/\/www.ambienteyenergia.gob.ec\/ambiente\/wp-json\/wp\/v2\/categories?post=20437"},{"taxonomy":"post_tag","embeddable":true,"href":"https:\/\/www.ambienteyenergia.gob.ec\/ambiente\/wp-json\/wp\/v2\/tags?post=20437"}],"curies":[{"name":"wp","href":"https:\/\/api.w.org\/{rel}","templated":true}]}}