{"id":20431,"date":"2014-05-28T22:46:50","date_gmt":"2014-05-29T03:46:50","guid":{"rendered":"http:\/\/www.ambiente.gob.ec\/?p=20431"},"modified":"2014-05-29T08:35:05","modified_gmt":"2014-05-29T13:35:05","slug":"mae-entrego-reconocimiento-ecuatoriano-ambiental-punto-verde-al-ministerio-del-interior","status":"publish","type":"post","link":"https:\/\/www.ambienteyenergia.gob.ec\/ambiente\/mae-entrego-reconocimiento-ecuatoriano-ambiental-punto-verde-al-ministerio-del-interior\/","title":{"rendered":"MAE entreg\u00f3 Reconocimiento Ecuatoriano Ambiental &#8216;Punto Verde&#8217; al Ministerio del Interior"},"content":{"rendered":"<p style=\"text-align: justify;\">Hoy, el Ministerio del Ambiente del Ecuador (MAE) entreg\u00f3 el Reconocimiento Ecuatoriano Ambiental \u201cPunto Verde\u201d al Ministerio del Interior por la correcta implementaci\u00f3n de buenas pr\u00e1cticas ambientales en el edificio ubicado en las calles Benalc\u00e1zar y Chile. Al evento asistieron Lorena S\u00e1nchez, Viceministra del Ambiente; Carina Arguello, Subsecretar\u00eda de Seguridad Interna; Marcelo Rocha, Jefe de Estado Mayor de la Polic\u00eda Nacional y Juan Jos\u00e9 Astudillo, Coordinador General de Gesti\u00f3n Estrat\u00e9gica.<\/p>\n<p style=\"text-align: justify;\">El MAE con el fin de incentivar a las instituciones p\u00fablicas y privadas a implementar los principios y estrategias de consumo responsable suscribi\u00f3 el Acuerdo Ministerial 131, el cual realiza una evaluaci\u00f3n comparativa de indicadores de por lo menos dos a\u00f1os de gesti\u00f3n, en los ejes tem\u00e1ticos de ahorro y uso eficiente de agua, energ\u00eda, transporte y papel, gesti\u00f3n de residuos, compras p\u00fablicas responsables y capacitaci\u00f3n a personal. Una vez que se verifica el cumplimiento de estos requerimientos, el MAE entrega el reconocimiento.<\/p>\n<p style=\"text-align: justify;\">En este caso, el edificio del Ministerio del Interior logr\u00f3 reducir el 38,84% en consumo de papel, realizando la impresi\u00f3n a doble cara e implementaci\u00f3n del sistema de gesti\u00f3n documental Quipux; 21,69% en el consumo de agua; 4,76% en consumo de gasolina mediante la medici\u00f3n y control de este recurso; la creaci\u00f3n de un Subcomit\u00e9 T\u00e9cnico Ambiental para liderar la implementaci\u00f3n de Buenas Pr\u00e1cticas Ambientales dentro de la entidad; la correcta clasificaci\u00f3n, almacenamiento y disposici\u00f3n final de residuos s\u00f3lidos; la realizaci\u00f3n y difusi\u00f3n de videos institucionales para incentivar al personal a implementar buenas pr\u00e1cticas ambientales en sus instalaciones.<\/p>\n<p style=\"text-align: justify;\">\u00abEl Ministerio del Interior, con la optimizaci\u00f3n de estos recursos, no solo demuestra su compromiso con los recursos naturales, sino que adem\u00e1s obtendr\u00e1n un importante ahorro econ\u00f3mico, por ello es un gusto para m\u00ed hoy entregarles este reconocimiento. Con este ejemplo demostramos que el sector p\u00fablico tiene un firme compromiso en beneficio del pa\u00eds. Con estas peque\u00f1as y grandes acciones aportamos a la protecci\u00f3n de nuestro entorno, y garantizamos el presente y futuro de las generaciones venideras\u00bb, asegur\u00f3 S\u00e1nchez.<\/p>\n<p style=\"text-align: justify;\">El Ministerio del Interior es la primera instituci\u00f3n p\u00fablica que recibe el Reconocimiento Ecuatoriano Ambiental \u201cPunto Verde\u201d en dos edificios (en el de las calles Benalc\u00e1zar y Chile, y en el de la Comandancia General de la Polic\u00eda Nacional, ubicado en la Av. Amazonas y Jap\u00f3n; ambos en Quito), por reflejar buenas pr\u00e1cticas ambientales.<\/p>\n<p style=\"text-align: justify;\">\u00abTenemos la convicci\u00f3n de que el respeto a la naturaleza debe ser un eje transversal en la gesti\u00f3n de todas las instituciones del estado y nosotros como Ministerio del Interior lo hemos cumplido. Somos una instituci\u00f3n que ha generado condiciones que propician el respeto al ambiente natural, hemos aprendido que m\u00e1s all\u00e1 del cumplimiento de la norma es el compromiso del ser humano con la naturaleza\u00bb, afirm\u00f3 Astudillo.<\/p>\n<p style=\"text-align: justify;\">Para finalizar, la Viceministra S\u00e1nchez, en nombre de la Ministra del Ambiente, Lorena Tapia, invit\u00f3 al resto de instancias p\u00fablicas y privadas a seguir el ejemplo del Ministerio del Interior, para juntos contribuir a la construcci\u00f3n de un Ecuador Verde.<\/p>\n<p style=\"text-align: justify;\">\n","protected":false},"excerpt":{"rendered":"<p class=\"excerpt\">Hoy, el Ministerio del Ambiente del Ecuador (MAE) entreg\u00f3 el Reconocimiento Ecuatoriano Ambiental \u201cPunto Verde\u201d al Ministerio del Interior por la correcta implementaci\u00f3n de buenas pr\u00e1cticas ambientales en el edificio ubicado en las calles Benalc\u00e1zar y Chile. Al evento asistieron Lorena S\u00e1nchez, Viceministra del Ambiente; Carina Arguello, Subsecretar\u00eda de Seguridad Interna; Marcelo Rocha, Jefe de Estado Mayor de la Polic\u00eda&hellip; <a href=\"https:\/\/www.ambienteyenergia.gob.ec\/ambiente\/mae-entrego-reconocimiento-ecuatoriano-ambiental-punto-verde-al-ministerio-del-interior\/\">Read more &rarr;<\/a><\/p>\n","protected":false},"author":13,"featured_media":20435,"comment_status":"open","ping_status":"open","sticky":false,"template":"","format":"standard","meta":{"footnotes":""},"categories":[16,4],"tags":[387,112],"class_list":["post-20431","post","type-post","status-publish","format-standard","has-post-thumbnail","hentry","category-comunicamos","category-noticias","tag-mae-lorena-tapia","tag-punto-verde","xfolkentry"],"_links":{"self":[{"href":"https:\/\/www.ambienteyenergia.gob.ec\/ambiente\/wp-json\/wp\/v2\/posts\/20431","targetHints":{"allow":["GET"]}}],"collection":[{"href":"https:\/\/www.ambienteyenergia.gob.ec\/ambiente\/wp-json\/wp\/v2\/posts"}],"about":[{"href":"https:\/\/www.ambienteyenergia.gob.ec\/ambiente\/wp-json\/wp\/v2\/types\/post"}],"author":[{"embeddable":true,"href":"https:\/\/www.ambienteyenergia.gob.ec\/ambiente\/wp-json\/wp\/v2\/users\/13"}],"replies":[{"embeddable":true,"href":"https:\/\/www.ambienteyenergia.gob.ec\/ambiente\/wp-json\/wp\/v2\/comments?post=20431"}],"version-history":[{"count":0,"href":"https:\/\/www.ambienteyenergia.gob.ec\/ambiente\/wp-json\/wp\/v2\/posts\/20431\/revisions"}],"wp:featuredmedia":[{"embeddable":true,"href":"https:\/\/www.ambienteyenergia.gob.ec\/ambiente\/wp-json\/wp\/v2\/media\/20435"}],"wp:attachment":[{"href":"https:\/\/www.ambienteyenergia.gob.ec\/ambiente\/wp-json\/wp\/v2\/media?parent=20431"}],"wp:term":[{"taxonomy":"category","embeddable":true,"href":"https:\/\/www.ambienteyenergia.gob.ec\/ambiente\/wp-json\/wp\/v2\/categories?post=20431"},{"taxonomy":"post_tag","embeddable":true,"href":"https:\/\/www.ambienteyenergia.gob.ec\/ambiente\/wp-json\/wp\/v2\/tags?post=20431"}],"curies":[{"name":"wp","href":"https:\/\/api.w.org\/{rel}","templated":true}]}}