{"id":20426,"date":"2014-05-28T16:05:34","date_gmt":"2014-05-28T21:05:34","guid":{"rendered":"http:\/\/www.ambiente.gob.ec\/?p=20426"},"modified":"2014-06-09T09:54:49","modified_gmt":"2014-06-09T14:54:49","slug":"ministra-lorena-tapia-lidera-primer-dialogo-ambiental-con-el-sector-privado","status":"publish","type":"post","link":"https:\/\/www.ambienteyenergia.gob.ec\/ambiente\/ministra-lorena-tapia-lidera-primer-dialogo-ambiental-con-el-sector-privado\/","title":{"rendered":"Ministra Lorena Tapia lidera Primer Di\u00e1logo Ambiental con el sector privado"},"content":{"rendered":"<p style=\"text-align: justify;\">Hoy, la Ministra del Ambiente, Lorena Tapia, particip\u00f3 en el Primer Encuentro p\u00fablico-privado denominado \u00abSembrando Alianzas, oportunidades para la participaci\u00f3n del sector privado en la conservaci\u00f3n del\u00a0 Patrimonio Natural del Ecuador\u00bb, organizado en conjunto con el Consorcio Ecuatoriano Responsabilidad Social (CERES),\u00a0 el Hotel Radisson Royal Quito y Conservaci\u00f3n Internacional (CI-Ecuador).<\/p>\n<p style=\"text-align: justify;\">La cita se enmarca en la nueva visi\u00f3n de la pol\u00edtica p\u00fablica de patrimonio natural del MAE, la cual busca la participaci\u00f3n e involucramiento de diferentes sectores empresariales, los mismos que pueden contribuir al mejoramiento ambiental y social en el pa\u00eds.<\/p>\n<p style=\"text-align: justify;\">En ese sentido, la M\u00e1xima Autoridad Ambiental durante el encuentro enfatiz\u00f3 sobre la firme decisi\u00f3n del Gobierno de la Revoluci\u00f3n Ciudadana para concretar cambios en el sector empresarial, para lograr un verdadero cambio de \u00e9poca en materia ambiental.<\/p>\n<p style=\"text-align: justify;\">\u00abQuiero que se sumen a este importante reto del Ecuador. Hoy los temas ambientales van de la mano de acciones. Son pocos los Gobiernos que se suman a esta causa\u00bb, se\u00f1al\u00f3 la Ministra Tapia.<\/p>\n<p style=\"text-align: justify;\">Durante la cita, el Subsecretario de Patrimonio del MAE, Christian Ter\u00e1n, explic\u00f3 sobre los principales ejes de la nueva pol\u00edtica de gobernanza del patrimonio natural que se enmarcan dentro de la gesti\u00f3n de paisajes sostenibles; incentivos para la conservaci\u00f3n y la producci\u00f3n sostenible; gesti\u00f3n integral de bosques y vida silvestre, adem\u00e1s de temas de\u00a0 bioseguridad y biotecnolog\u00eda.<\/p>\n<p style=\"text-align: justify;\">En cuanto al eje de incentivos para la conservaci\u00f3n y producci\u00f3n sostenible, Ter\u00e1n explic\u00f3 la nueva visi\u00f3n integral que impulsa el MAE con el Programa Nacional de Incentivos Socio Bosque. A partir del 2014, este programa cuenta con un robusto portafolio de incentivos los cuales pretenden mejorar las condiciones ambientales de bosques y p\u00e1ramos nativos y, por otro lado, la calidad de vida de ciudadanos y ciudadanas.<\/p>\n<p style=\"text-align: justify;\">Los incentivos que ofrece el Programa Socio Bosque en la actualidad se enmarcan en los ejes de\u00a0 restauraci\u00f3n forestal, conservaci\u00f3n, facilitaci\u00f3n para la adjudicaci\u00f3n de tierras, biocomercio y manejo forestal sostenible. \u00abLa Autoridad Ambiental impulsa pol\u00edticas p\u00fablicas ambientales que generan cambios estructurales en todo el pa\u00eds\u00bb, se\u00f1al\u00f3 Ter\u00e1n.<\/p>\n<p style=\"text-align: justify;\">La cooperaci\u00f3n empresarial al Programa Nacional de Incentivos est\u00e1 dirigida a motivar acciones de conservaci\u00f3n y restauraci\u00f3n forestal. En la actualidad, el MAE tiene una cuenta en el Fondo Ambiental Nacional (FAN), a trav\u00e9s de la cual se receptan aportes econ\u00f3micos de empresas e instituciones privadas.<\/p>\n<p style=\"text-align: justify;\">Durante el evento, se expuso la experiencia privada de cooperaci\u00f3n a la conservaci\u00f3n de bosques de la empresa General Motors OM BB. En este sentido, Roberto Romero, Gerente de Asuntos Corporativos, explic\u00f3 la iniciativa \u00abSail Carbono Neutro\u00bb, que impulsa su compa\u00f1\u00eda, la cual promueve la compensaci\u00f3n de emisiones de carbono a trav\u00e9s de la conservaci\u00f3n de 10 mil hect\u00e1reas de bosques.<\/p>\n<p style=\"text-align: justify;\">Por su parte, los directivos y representantes del sector empresarial compartieron con la M\u00e1xima Autoridad Ambiental sus experiencias y opiniones sobre las nuevas alternativas de cooperaci\u00f3n interinstitucional en el \u00e1mbito ambiental.<\/p>\n<p style=\"text-align: justify;\">Carola Zarate, representante de la empresa Agua Potable, felicit\u00f3 p\u00fablicamente la nueva visi\u00f3n del MAE de conservaci\u00f3n que permite mejorar la realidad ambiental en el Ecuador. La directiva destac\u00f3 tambi\u00e9n la apertura de su empresa para concretar posibles aportaciones para la conservaci\u00f3n de bosques.<\/p>\n<p style=\"text-align: justify;\">En cambio, Marco Oleas, Director de Gesti\u00f3n Integral de Aldelca, record\u00f3 el compromiso de su compa\u00f1\u00eda para implementar pr\u00e1cticas de responsabilidad social corporativa. Esta compa\u00f1\u00eda\u00a0 cuenta con varias certificaciones de RSC otorgadas por la Embajada Brit\u00e1nica y el Gobierno Brit\u00e1nico. Adem\u00e1s, con el fin de neutralizar las emisiones de arbono, Adelca ha sembrado m\u00e1s de 60 mil \u00e1rboles en los \u00faltimos dos a\u00f1os en conjunto con la Junta Parroquial de Aloag.<\/p>\n<p style=\"text-align: justify;\">Otra de las experiencias compartidas durante la cita son del Ingenio San Carlos. Su Directora Ambiental, Coralia de la Cadena, comparti\u00f3 el inter\u00e9s de coservar las casi 300 hect\u00e1eras de humedales y 400 hect\u00e1reas de bosque h\u00famedo tropical que habitan en el territorio de su compa\u00f1\u00eda. En ese sentido, el Subsecretario Ter\u00e1n aclar\u00f3 que dicha conservaci\u00f3n puede enmarcarse dentro del subsistema del sector privado del Sistema Nacional de \u00c1reas Protegidas e inst\u00f3 a m\u00e1s empresas a evaluar sus espacios naturales para mantenerlos intactos.<\/p>\n<p style=\"text-align: justify;\">Al concluir la cita la Ministra Tapia se comprometi\u00f3 a continuar incorporando la participaci\u00f3n e involucramiento de diferentes sectores de la sociedad ecuatoriana, en relaci\u00f3n a temas ambientales con el fin de concretar un desarrollo econ\u00f3mico sostenible que integre el respeto a nuestros recursos naturales y al ambiente.<\/p>\n<p style=\"text-align: justify;\">Al evento de di\u00e1logo empresarial asistieron adem\u00e1s como invitados especiales Luis Suarez, Director Ejecutivo de Conservaci\u00f3n Internacional; Evangelina Gomez-Dura\u00f1ona y Luis Meneses, Gerente del Hotel Radisson Royal.<\/p>\n<p style=\"text-align: justify;\">Sabias qu\u00e9<\/p>\n<ul style=\"text-align: justify;\">\n<li>El Ecuador es uno de los 17 pa\u00edses megadiversos<\/li>\n<\/ul>\n<ul style=\"text-align: justify;\">\n<li>Con menos del 0,2% de la superficie del planeta el Ecuador tiene:<\/li>\n<\/ul>\n<p style=\"text-align: justify;\">-18% de aves<br \/>\n-18% de orqu\u00eddeas<br \/>\n-10% de anfibios<br \/>\n-8% de mamiferos<\/p>\n<p style=\"text-align: justify;\">Si usted esta interesado en conocer m\u00e1s sobre las iniciativas de cooperaci\u00f3n ambiental que impulsa el MAE, puede comunicarse sin costo a la l\u00ednea 1800-AMBIENTE (262436), o visitar una de las direcciones provinciales de esta Cartera de Estado en todo el pa\u00eds.<\/p>\n","protected":false},"excerpt":{"rendered":"<p class=\"excerpt\">Hoy, la Ministra del Ambiente, Lorena Tapia, particip\u00f3 en el Primer Encuentro p\u00fablico-privado denominado \u00abSembrando Alianzas, oportunidades para la participaci\u00f3n del sector privado en la conservaci\u00f3n del\u00a0 Patrimonio Natural del Ecuador\u00bb, organizado en conjunto con el Consorcio Ecuatoriano Responsabilidad Social (CERES),\u00a0 el Hotel Radisson Royal Quito y Conservaci\u00f3n Internacional (CI-Ecuador). La cita se enmarca en la nueva visi\u00f3n de la&hellip; <a href=\"https:\/\/www.ambienteyenergia.gob.ec\/ambiente\/ministra-lorena-tapia-lidera-primer-dialogo-ambiental-con-el-sector-privado\/\">Read more &rarr;<\/a><\/p>\n","protected":false},"author":13,"featured_media":20427,"comment_status":"open","ping_status":"open","sticky":false,"template":"","format":"standard","meta":{"footnotes":""},"categories":[16,4],"tags":[],"class_list":["post-20426","post","type-post","status-publish","format-standard","has-post-thumbnail","hentry","category-comunicamos","category-noticias","xfolkentry"],"_links":{"self":[{"href":"https:\/\/www.ambienteyenergia.gob.ec\/ambiente\/wp-json\/wp\/v2\/posts\/20426","targetHints":{"allow":["GET"]}}],"collection":[{"href":"https:\/\/www.ambienteyenergia.gob.ec\/ambiente\/wp-json\/wp\/v2\/posts"}],"about":[{"href":"https:\/\/www.ambienteyenergia.gob.ec\/ambiente\/wp-json\/wp\/v2\/types\/post"}],"author":[{"embeddable":true,"href":"https:\/\/www.ambienteyenergia.gob.ec\/ambiente\/wp-json\/wp\/v2\/users\/13"}],"replies":[{"embeddable":true,"href":"https:\/\/www.ambienteyenergia.gob.ec\/ambiente\/wp-json\/wp\/v2\/comments?post=20426"}],"version-history":[{"count":0,"href":"https:\/\/www.ambienteyenergia.gob.ec\/ambiente\/wp-json\/wp\/v2\/posts\/20426\/revisions"}],"wp:featuredmedia":[{"embeddable":true,"href":"https:\/\/www.ambienteyenergia.gob.ec\/ambiente\/wp-json\/wp\/v2\/media\/20427"}],"wp:attachment":[{"href":"https:\/\/www.ambienteyenergia.gob.ec\/ambiente\/wp-json\/wp\/v2\/media?parent=20426"}],"wp:term":[{"taxonomy":"category","embeddable":true,"href":"https:\/\/www.ambienteyenergia.gob.ec\/ambiente\/wp-json\/wp\/v2\/categories?post=20426"},{"taxonomy":"post_tag","embeddable":true,"href":"https:\/\/www.ambienteyenergia.gob.ec\/ambiente\/wp-json\/wp\/v2\/tags?post=20426"}],"curies":[{"name":"wp","href":"https:\/\/api.w.org\/{rel}","templated":true}]}}