{"id":20419,"date":"2014-05-28T14:40:00","date_gmt":"2014-05-28T19:40:00","guid":{"rendered":"http:\/\/www.ambiente.gob.ec\/?p=20419"},"modified":"2014-05-28T15:43:54","modified_gmt":"2014-05-28T20:43:54","slug":"mae-participa-en-el-seminario-taller-internacional-saberes-y-practicas-ancestrales-para-el-manejo-forestal-sostenible","status":"publish","type":"post","link":"https:\/\/www.ambienteyenergia.gob.ec\/ambiente\/mae-participa-en-el-seminario-taller-internacional-saberes-y-practicas-ancestrales-para-el-manejo-forestal-sostenible\/","title":{"rendered":"MAE participa en el Seminario-Taller Internacional   \u201cSaberes y Pr\u00e1cticas Ancestrales para el Manejo Forestal Sostenible\u201d"},"content":{"rendered":"<p style=\"text-align: justify;\">El Ministerio del Ambiente (MAE), a trav\u00e9s de la Direcci\u00f3n Provincial del Ambiente de Imbabura, en coordinaci\u00f3n con la Universidad t\u00e9cnica del Norte, el Instituto Interamericano de Cooperaci\u00f3n para la Agricultura (IICA) con el programa de Manejo Forestal Sostenible en la Regi\u00f3n Andina financiado por el Ministerio de Asuntos exteriores de Finlandia y la Corporaci\u00f3n para la Investigaci\u00f3n, Capacitaci\u00f3n y Apoyo T\u00e9cnico para el manejo Sustentable de los Ecosistemas Tropicales (ECOPAR), realizan el Seminario-Taller Internacional denominado \u201cSaberes y Practicas Ancestrales Para el Manejo Forestal Sostenible\u201d.<\/p>\n<p style=\"text-align: justify;\">El prop\u00f3sito de este encuentro es promover el dialogo sobre la mirada actual y deseada de los bosques, su mantenimiento, uso y potencialidades de la explotaci\u00f3n con criterios de conservaci\u00f3n ecosist\u00e9mica, considerando la nueva matriz productiva y energ\u00e9tica del pa\u00eds.<\/p>\n<p style=\"text-align: justify;\">Con la participaci\u00f3n de varios expositores locales y extranjeros, hoy se dio inicio a esta jornada de trabajo que culminar\u00e1 ma\u00f1ana, 29 de mayo, en el edificio de postgrado de la UTN.<\/p>\n<p style=\"text-align: justify;\">El Director Nacional Forestal, Fernando D\u00edaz, en representaci\u00f3n de la M\u00e1xima Autoridad Ambiental, Lorena Tapia, expres\u00f3 que: \u201cen el Ecuador si es posible un manejo Forestal Sustentable ya que actualmente gozamos de una decisi\u00f3n pol\u00edtica que apoya todas estas iniciativas\u201d.<\/p>\n","protected":false},"excerpt":{"rendered":"<p class=\"excerpt\">El Ministerio del Ambiente (MAE), a trav\u00e9s de la Direcci\u00f3n Provincial del Ambiente de Imbabura, en coordinaci\u00f3n con la Universidad t\u00e9cnica del Norte, el Instituto Interamericano de Cooperaci\u00f3n para la Agricultura (IICA) con el programa de Manejo Forestal Sostenible en la Regi\u00f3n Andina financiado por el Ministerio de Asuntos exteriores de Finlandia y la Corporaci\u00f3n para la Investigaci\u00f3n, Capacitaci\u00f3n y&hellip; <a href=\"https:\/\/www.ambienteyenergia.gob.ec\/ambiente\/mae-participa-en-el-seminario-taller-internacional-saberes-y-practicas-ancestrales-para-el-manejo-forestal-sostenible\/\">Read more &rarr;<\/a><\/p>\n","protected":false},"author":13,"featured_media":20421,"comment_status":"open","ping_status":"open","sticky":false,"template":"","format":"standard","meta":{"footnotes":""},"categories":[16,4],"tags":[],"class_list":["post-20419","post","type-post","status-publish","format-standard","has-post-thumbnail","hentry","category-comunicamos","category-noticias","xfolkentry"],"_links":{"self":[{"href":"https:\/\/www.ambienteyenergia.gob.ec\/ambiente\/wp-json\/wp\/v2\/posts\/20419","targetHints":{"allow":["GET"]}}],"collection":[{"href":"https:\/\/www.ambienteyenergia.gob.ec\/ambiente\/wp-json\/wp\/v2\/posts"}],"about":[{"href":"https:\/\/www.ambienteyenergia.gob.ec\/ambiente\/wp-json\/wp\/v2\/types\/post"}],"author":[{"embeddable":true,"href":"https:\/\/www.ambienteyenergia.gob.ec\/ambiente\/wp-json\/wp\/v2\/users\/13"}],"replies":[{"embeddable":true,"href":"https:\/\/www.ambienteyenergia.gob.ec\/ambiente\/wp-json\/wp\/v2\/comments?post=20419"}],"version-history":[{"count":0,"href":"https:\/\/www.ambienteyenergia.gob.ec\/ambiente\/wp-json\/wp\/v2\/posts\/20419\/revisions"}],"wp:featuredmedia":[{"embeddable":true,"href":"https:\/\/www.ambienteyenergia.gob.ec\/ambiente\/wp-json\/wp\/v2\/media\/20421"}],"wp:attachment":[{"href":"https:\/\/www.ambienteyenergia.gob.ec\/ambiente\/wp-json\/wp\/v2\/media?parent=20419"}],"wp:term":[{"taxonomy":"category","embeddable":true,"href":"https:\/\/www.ambienteyenergia.gob.ec\/ambiente\/wp-json\/wp\/v2\/categories?post=20419"},{"taxonomy":"post_tag","embeddable":true,"href":"https:\/\/www.ambienteyenergia.gob.ec\/ambiente\/wp-json\/wp\/v2\/tags?post=20419"}],"curies":[{"name":"wp","href":"https:\/\/api.w.org\/{rel}","templated":true}]}}