{"id":20408,"date":"2014-05-28T10:13:56","date_gmt":"2014-05-28T15:13:56","guid":{"rendered":"http:\/\/www.ambiente.gob.ec\/?p=20408"},"modified":"2014-05-28T13:14:39","modified_gmt":"2014-05-28T18:14:39","slug":"mae-entrego-materiales-para-mejoramiento-de-sistema-de-agua-en-azuay","status":"publish","type":"post","link":"https:\/\/www.ambienteyenergia.gob.ec\/ambiente\/mae-entrego-materiales-para-mejoramiento-de-sistema-de-agua-en-azuay\/","title":{"rendered":"MAE entreg\u00f3 materiales para mejoramiento de sistema de agua en Azuay"},"content":{"rendered":"<p style=\"text-align: justify;\">Con la finalidad de mejorar el aprovechamiento de los recursos h\u00eddricos en la provincia de Azuay, la Subsecretar\u00eda de Cambio Clim\u00e1tico del Ministerio del Ambiente, mediante su Proyecto de Adaptaci\u00f3n al Cambio Clim\u00e1tico a trav\u00e9s de una Efectiva Gobernabilidad del Agua en el Ecuador (PACC), realiz\u00f3 la entrega de tuber\u00edas para la conducci\u00f3n y accesorios para el mejoramiento del sistema de agua de San Jos\u00e9 de Lalcote en la parroquia Zhidmad del cant\u00f3n Gualaceo.<\/p>\n<p style=\"text-align: justify;\">Actualmente, el PACC beneficia a 244 familias en situaci\u00f3n vulnerable ante los efectos del cambio clim\u00e1tico, proporcion\u00e1ndoles asesor\u00eda t\u00e9cnica en agroecolog\u00eda, construcci\u00f3n de reservorios y sistemas de riego entre otros.<\/p>\n<p style=\"text-align: justify;\">En la entrega de los materiales participaron representantes del Gobierno Aut\u00f3nomo Descentralizado Municipal de Zhidmad, Ministerio del Ambiente, T\u00e9cnicos del Proyecto PACC, Presidente de la comunidad de San Jos\u00e9 de Lalcote y habitantes de la parroquia.<\/p>\n<p style=\"text-align: justify;\">El MAE se encuentra comprometido en la implementaci\u00f3n de iniciativas en beneficio del ambiente y de las comunidades.<\/p>\n<p style=\"text-align: justify;\">\n","protected":false},"excerpt":{"rendered":"<p class=\"excerpt\">Con la finalidad de mejorar el aprovechamiento de los recursos h\u00eddricos en la provincia de Azuay, la Subsecretar\u00eda de Cambio Clim\u00e1tico del Ministerio del Ambiente, mediante su Proyecto de Adaptaci\u00f3n al Cambio Clim\u00e1tico a trav\u00e9s de una Efectiva Gobernabilidad del Agua en el Ecuador (PACC), realiz\u00f3 la entrega de tuber\u00edas para la conducci\u00f3n y accesorios para el mejoramiento del sistema&hellip; <a href=\"https:\/\/www.ambienteyenergia.gob.ec\/ambiente\/mae-entrego-materiales-para-mejoramiento-de-sistema-de-agua-en-azuay\/\">Read more &rarr;<\/a><\/p>\n","protected":false},"author":13,"featured_media":20418,"comment_status":"open","ping_status":"open","sticky":false,"template":"","format":"standard","meta":{"footnotes":""},"categories":[16,4],"tags":[285,133,53,54,383],"class_list":["post-20408","post","type-post","status-publish","format-standard","has-post-thumbnail","hentry","category-comunicamos","category-noticias","tag-agua","tag-cambio-climatico","tag-mae","tag-ministerio-del-ambiente","tag-recursos-hidricos","xfolkentry"],"_links":{"self":[{"href":"https:\/\/www.ambienteyenergia.gob.ec\/ambiente\/wp-json\/wp\/v2\/posts\/20408","targetHints":{"allow":["GET"]}}],"collection":[{"href":"https:\/\/www.ambienteyenergia.gob.ec\/ambiente\/wp-json\/wp\/v2\/posts"}],"about":[{"href":"https:\/\/www.ambienteyenergia.gob.ec\/ambiente\/wp-json\/wp\/v2\/types\/post"}],"author":[{"embeddable":true,"href":"https:\/\/www.ambienteyenergia.gob.ec\/ambiente\/wp-json\/wp\/v2\/users\/13"}],"replies":[{"embeddable":true,"href":"https:\/\/www.ambienteyenergia.gob.ec\/ambiente\/wp-json\/wp\/v2\/comments?post=20408"}],"version-history":[{"count":0,"href":"https:\/\/www.ambienteyenergia.gob.ec\/ambiente\/wp-json\/wp\/v2\/posts\/20408\/revisions"}],"wp:featuredmedia":[{"embeddable":true,"href":"https:\/\/www.ambienteyenergia.gob.ec\/ambiente\/wp-json\/wp\/v2\/media\/20418"}],"wp:attachment":[{"href":"https:\/\/www.ambienteyenergia.gob.ec\/ambiente\/wp-json\/wp\/v2\/media?parent=20408"}],"wp:term":[{"taxonomy":"category","embeddable":true,"href":"https:\/\/www.ambienteyenergia.gob.ec\/ambiente\/wp-json\/wp\/v2\/categories?post=20408"},{"taxonomy":"post_tag","embeddable":true,"href":"https:\/\/www.ambienteyenergia.gob.ec\/ambiente\/wp-json\/wp\/v2\/tags?post=20408"}],"curies":[{"name":"wp","href":"https:\/\/api.w.org\/{rel}","templated":true}]}}