{"id":20404,"date":"2014-05-28T09:36:30","date_gmt":"2014-05-28T14:36:30","guid":{"rendered":"http:\/\/www.ambiente.gob.ec\/?p=20404"},"modified":"2014-05-28T09:36:30","modified_gmt":"2014-05-28T14:36:30","slug":"mae-monitorea-constantemente-la-actividad-del-condor-polito-en-imbabura","status":"publish","type":"post","link":"https:\/\/www.ambienteyenergia.gob.ec\/ambiente\/mae-monitorea-constantemente-la-actividad-del-condor-polito-en-imbabura\/","title":{"rendered":"MAE monitorea constantemente la actividad del C\u00f3ndor Polito en Imbabura"},"content":{"rendered":"<p style=\"text-align: justify;\">Hoy, el Ministerio del Ambiente (MAE), a trav\u00e9s de la Direcci\u00f3n Provincial del Ambiente de Imbabura, pone en conocimiento la trayectoria que viene desplegando el c\u00f3ndor Polito liberado el 21 de mayo desde la Unidad de Manejo Parque C\u00f3ndor.<\/p>\n<p>Los reportes del d\u00eda 23 indican que se encontraba cerca del Cerro Imbabura, parte occidental, mientras que para el d\u00eda 25 se revela que el c\u00f3ndor est\u00e1 en los alrededores del Cerro Cotacachi, dentro de la Reserva Ecol\u00f3gica Cotacachi Cayapas (RECC).<\/p>\n<p>Se continuar\u00e1 informando las actividades diarias y los sectores de visita del ave para coordinar la investigaci\u00f3n y continuar con el proyecto de conservaci\u00f3n de la especie y sensibilizaci\u00f3n de la poblaci\u00f3n.<\/p>\n<p style=\"text-align: justify;\"><a href=\"http:\/\/www.ambienteyenergia.gob.ec\/ambiente\/wp-content\/uploads\/2014\/05\/Monitoreo11.jpg\"><img loading=\"lazy\" decoding=\"async\" class=\"aligncenter size-large wp-image-20406\" alt=\"Monitoreo1\" src=\"http:\/\/www.ambienteyenergia.gob.ec\/ambiente\/wp-content\/uploads\/2014\/05\/Monitoreo11-1024x641.jpg\" width=\"584\" height=\"365\" srcset=\"https:\/\/www.ambienteyenergia.gob.ec\/ambiente\/wp-content\/uploads\/sites\/2\/2014\/05\/Monitoreo11-1024x641.jpg 1024w, https:\/\/www.ambienteyenergia.gob.ec\/ambiente\/wp-content\/uploads\/sites\/2\/2014\/05\/Monitoreo11-300x187.jpg 300w, https:\/\/www.ambienteyenergia.gob.ec\/ambiente\/wp-content\/uploads\/sites\/2\/2014\/05\/Monitoreo11-478x300.jpg 478w, https:\/\/www.ambienteyenergia.gob.ec\/ambiente\/wp-content\/uploads\/sites\/2\/2014\/05\/Monitoreo11.jpg 1520w\" sizes=\"auto, (max-width: 584px) 100vw, 584px\" \/><\/a><\/p>\n","protected":false},"excerpt":{"rendered":"<p class=\"excerpt\">Hoy, el Ministerio del Ambiente (MAE), a trav\u00e9s de la Direcci\u00f3n Provincial del Ambiente de Imbabura, pone en conocimiento la trayectoria que viene desplegando el c\u00f3ndor Polito liberado el 21 de mayo desde la Unidad de Manejo Parque C\u00f3ndor. Los reportes del d\u00eda 23 indican que se encontraba cerca del Cerro Imbabura, parte occidental, mientras que para el d\u00eda 25&hellip; <a href=\"https:\/\/www.ambienteyenergia.gob.ec\/ambiente\/mae-monitorea-constantemente-la-actividad-del-condor-polito-en-imbabura\/\">Read more &rarr;<\/a><\/p>\n","protected":false},"author":13,"featured_media":20405,"comment_status":"open","ping_status":"open","sticky":false,"template":"","format":"standard","meta":{"footnotes":""},"categories":[16,4],"tags":[],"class_list":["post-20404","post","type-post","status-publish","format-standard","has-post-thumbnail","hentry","category-comunicamos","category-noticias","xfolkentry"],"_links":{"self":[{"href":"https:\/\/www.ambienteyenergia.gob.ec\/ambiente\/wp-json\/wp\/v2\/posts\/20404","targetHints":{"allow":["GET"]}}],"collection":[{"href":"https:\/\/www.ambienteyenergia.gob.ec\/ambiente\/wp-json\/wp\/v2\/posts"}],"about":[{"href":"https:\/\/www.ambienteyenergia.gob.ec\/ambiente\/wp-json\/wp\/v2\/types\/post"}],"author":[{"embeddable":true,"href":"https:\/\/www.ambienteyenergia.gob.ec\/ambiente\/wp-json\/wp\/v2\/users\/13"}],"replies":[{"embeddable":true,"href":"https:\/\/www.ambienteyenergia.gob.ec\/ambiente\/wp-json\/wp\/v2\/comments?post=20404"}],"version-history":[{"count":0,"href":"https:\/\/www.ambienteyenergia.gob.ec\/ambiente\/wp-json\/wp\/v2\/posts\/20404\/revisions"}],"wp:featuredmedia":[{"embeddable":true,"href":"https:\/\/www.ambienteyenergia.gob.ec\/ambiente\/wp-json\/wp\/v2\/media\/20405"}],"wp:attachment":[{"href":"https:\/\/www.ambienteyenergia.gob.ec\/ambiente\/wp-json\/wp\/v2\/media?parent=20404"}],"wp:term":[{"taxonomy":"category","embeddable":true,"href":"https:\/\/www.ambienteyenergia.gob.ec\/ambiente\/wp-json\/wp\/v2\/categories?post=20404"},{"taxonomy":"post_tag","embeddable":true,"href":"https:\/\/www.ambienteyenergia.gob.ec\/ambiente\/wp-json\/wp\/v2\/tags?post=20404"}],"curies":[{"name":"wp","href":"https:\/\/api.w.org\/{rel}","templated":true}]}}