{"id":20401,"date":"2014-05-28T09:33:45","date_gmt":"2014-05-28T14:33:45","guid":{"rendered":"http:\/\/www.ambiente.gob.ec\/?p=20401"},"modified":"2014-05-28T09:33:45","modified_gmt":"2014-05-28T14:33:45","slug":"mae-sucumbios-reforesto-nueva-loja-en-conmemoracion-del-dia-del-arbol","status":"publish","type":"post","link":"https:\/\/www.ambienteyenergia.gob.ec\/ambiente\/mae-sucumbios-reforesto-nueva-loja-en-conmemoracion-del-dia-del-arbol\/","title":{"rendered":"MAE Sucumb\u00edos reforest\u00f3 Nueva Loja en conmemoraci\u00f3n del D\u00eda del \u00c1rbol"},"content":{"rendered":"<p style=\"text-align: justify;\">El Ministerio del Ambiente (MAE), a trav\u00e9s de la Direcci\u00f3n Provincial del Ambiente de Sucumb\u00edos, en conjunto con el Gobierno Aut\u00f3nomo Descentralizado del Cant\u00f3n Lago Agrio, reforestaron varios espacios p\u00fablicos en la ciudad de Nueva Loja, para contribuir con el ornato de la ciudad y crear \u00e1reas que permitan la purificaci\u00f3n del aire.<\/p>\n<p>Esta actividad cont\u00f3 con la participaci\u00f3n de las Fuerzas Armadas, 30 ni\u00f1os y j\u00f3venes con capacidades diferentes de las Instituciones 3 de Diciembre, Jefferson P\u00e9rez, Centro de Audici\u00f3n y Lenguaje y pobladores del sector.<\/p>\n<p>Durante este acto se sembraron 60 plantas nativas entre ornamentales, arbustivas y \u00e1rboles. Adem\u00e1s se cont\u00f3 con la presencia de medios de comunicaci\u00f3n local, con el fin\u00a0 concienciar a la poblaci\u00f3n local y lograr as\u00ed informar sobre la importancia de la protecci\u00f3n de este recurso forestal.<\/p>\n","protected":false},"excerpt":{"rendered":"<p class=\"excerpt\">El Ministerio del Ambiente (MAE), a trav\u00e9s de la Direcci\u00f3n Provincial del Ambiente de Sucumb\u00edos, en conjunto con el Gobierno Aut\u00f3nomo Descentralizado del Cant\u00f3n Lago Agrio, reforestaron varios espacios p\u00fablicos en la ciudad de Nueva Loja, para contribuir con el ornato de la ciudad y crear \u00e1reas que permitan la purificaci\u00f3n del aire. Esta actividad cont\u00f3 con la participaci\u00f3n de&hellip; <a href=\"https:\/\/www.ambienteyenergia.gob.ec\/ambiente\/mae-sucumbios-reforesto-nueva-loja-en-conmemoracion-del-dia-del-arbol\/\">Read more &rarr;<\/a><\/p>\n","protected":false},"author":13,"featured_media":20402,"comment_status":"open","ping_status":"open","sticky":false,"template":"","format":"standard","meta":{"footnotes":""},"categories":[16,4],"tags":[],"class_list":["post-20401","post","type-post","status-publish","format-standard","has-post-thumbnail","hentry","category-comunicamos","category-noticias","xfolkentry"],"_links":{"self":[{"href":"https:\/\/www.ambienteyenergia.gob.ec\/ambiente\/wp-json\/wp\/v2\/posts\/20401","targetHints":{"allow":["GET"]}}],"collection":[{"href":"https:\/\/www.ambienteyenergia.gob.ec\/ambiente\/wp-json\/wp\/v2\/posts"}],"about":[{"href":"https:\/\/www.ambienteyenergia.gob.ec\/ambiente\/wp-json\/wp\/v2\/types\/post"}],"author":[{"embeddable":true,"href":"https:\/\/www.ambienteyenergia.gob.ec\/ambiente\/wp-json\/wp\/v2\/users\/13"}],"replies":[{"embeddable":true,"href":"https:\/\/www.ambienteyenergia.gob.ec\/ambiente\/wp-json\/wp\/v2\/comments?post=20401"}],"version-history":[{"count":0,"href":"https:\/\/www.ambienteyenergia.gob.ec\/ambiente\/wp-json\/wp\/v2\/posts\/20401\/revisions"}],"wp:featuredmedia":[{"embeddable":true,"href":"https:\/\/www.ambienteyenergia.gob.ec\/ambiente\/wp-json\/wp\/v2\/media\/20402"}],"wp:attachment":[{"href":"https:\/\/www.ambienteyenergia.gob.ec\/ambiente\/wp-json\/wp\/v2\/media?parent=20401"}],"wp:term":[{"taxonomy":"category","embeddable":true,"href":"https:\/\/www.ambienteyenergia.gob.ec\/ambiente\/wp-json\/wp\/v2\/categories?post=20401"},{"taxonomy":"post_tag","embeddable":true,"href":"https:\/\/www.ambienteyenergia.gob.ec\/ambiente\/wp-json\/wp\/v2\/tags?post=20401"}],"curies":[{"name":"wp","href":"https:\/\/api.w.org\/{rel}","templated":true}]}}