{"id":20398,"date":"2014-05-28T09:26:18","date_gmt":"2014-05-28T14:26:18","guid":{"rendered":"http:\/\/www.ambiente.gob.ec\/?p=20398"},"modified":"2014-05-28T09:26:18","modified_gmt":"2014-05-28T14:26:18","slug":"mae-reforesto-dos-hectareas-con-1-000-plantas-nativas-en-conmemoracion-al-dia-del-arbol","status":"publish","type":"post","link":"https:\/\/www.ambienteyenergia.gob.ec\/ambiente\/mae-reforesto-dos-hectareas-con-1-000-plantas-nativas-en-conmemoracion-al-dia-del-arbol\/","title":{"rendered":"MAE reforest\u00f3 dos hect\u00e1reas con 1 000 plantas nativas en conmemoraci\u00f3n al D\u00eda del \u00c1rbol"},"content":{"rendered":"<p style=\"text-align: justify;\">En conmemoraci\u00f3n del D\u00eda del \u00c1rbol, la Direcci\u00f3n Provincial del Ambiente de Chimborazo con el apoyo de j\u00f3venes del proyecto Servicio Civil Ciudadano (SCC) y estudiantes de la Unidad Educativa Cap. Edmundo Chiriboga G. de la ciudad de Riobamba, realiz\u00f3 una jornada de reforestaci\u00f3n con fines de protecci\u00f3n y conservaci\u00f3n en el predio el Cercado ubicado en la parroquia Calpi.<\/p>\n<p style=\"text-align: justify;\">\nBajo la coordinaci\u00f3n del personal t\u00e9cnico forestal, estudiantes del noveno a\u00f1o de educaci\u00f3n b\u00e1sica de\u00a0 la Unidad Educativa Chiriboga trabajaron con la finalidad de recuperar aproximadamente 2 hect\u00e1reas de suelo erosionado en los alrededores de la Panamericana Sur v\u00eda a Cuenca. Para esta iniciativa se utilizaron 1 000 especias nativas forestales como molle, llinllin, arrayan, yagual y jigueron, entre otras.<\/p>\n<p style=\"text-align: justify;\">\nAl finalizar las y los estudiantes aprendieron a sembrar \u00e1rboles de forma apropiada gracias a la ense\u00f1anza did\u00e1ctica impartida por los j\u00f3venes del SCC y de t\u00e9cnicos del MAE.<\/p>\n<p style=\"text-align: justify;\">\nA las actividades de forestaci\u00f3n se sumaron charlas l\u00fadicas de Educaci\u00f3n Ambiental alusivas al \u201cD\u00eda del \u00c1rbol\u201d; jornadas de capacitaci\u00f3n dirigidas a 200 estudiantes de las Escuelas Juan Bernardo de Le\u00f3n y el Instituto de Sordos de Chimborazo.<\/p>\n<p style=\"text-align: justify;\">\nEl MAE promueve la protecci\u00f3n y conservaci\u00f3n de los recursos naturales forestales desde los diferentes espacios, especialmente mediante la educaci\u00f3n, que contribuye al cambio de actitud y fomenta actividades alternativas de ense\u00f1anza para mejorar la calidad de vida de los ciudadanos.<\/p>\n","protected":false},"excerpt":{"rendered":"<p class=\"excerpt\">En conmemoraci\u00f3n del D\u00eda del \u00c1rbol, la Direcci\u00f3n Provincial del Ambiente de Chimborazo con el apoyo de j\u00f3venes del proyecto Servicio Civil Ciudadano (SCC) y estudiantes de la Unidad Educativa Cap. Edmundo Chiriboga G. de la ciudad de Riobamba, realiz\u00f3 una jornada de reforestaci\u00f3n con fines de protecci\u00f3n y conservaci\u00f3n en el predio el Cercado ubicado en la parroquia Calpi.&hellip; <a href=\"https:\/\/www.ambienteyenergia.gob.ec\/ambiente\/mae-reforesto-dos-hectareas-con-1-000-plantas-nativas-en-conmemoracion-al-dia-del-arbol\/\">Read more &rarr;<\/a><\/p>\n","protected":false},"author":13,"featured_media":20399,"comment_status":"open","ping_status":"open","sticky":false,"template":"","format":"standard","meta":{"footnotes":""},"categories":[16,4],"tags":[],"class_list":["post-20398","post","type-post","status-publish","format-standard","has-post-thumbnail","hentry","category-comunicamos","category-noticias","xfolkentry"],"_links":{"self":[{"href":"https:\/\/www.ambienteyenergia.gob.ec\/ambiente\/wp-json\/wp\/v2\/posts\/20398","targetHints":{"allow":["GET"]}}],"collection":[{"href":"https:\/\/www.ambienteyenergia.gob.ec\/ambiente\/wp-json\/wp\/v2\/posts"}],"about":[{"href":"https:\/\/www.ambienteyenergia.gob.ec\/ambiente\/wp-json\/wp\/v2\/types\/post"}],"author":[{"embeddable":true,"href":"https:\/\/www.ambienteyenergia.gob.ec\/ambiente\/wp-json\/wp\/v2\/users\/13"}],"replies":[{"embeddable":true,"href":"https:\/\/www.ambienteyenergia.gob.ec\/ambiente\/wp-json\/wp\/v2\/comments?post=20398"}],"version-history":[{"count":0,"href":"https:\/\/www.ambienteyenergia.gob.ec\/ambiente\/wp-json\/wp\/v2\/posts\/20398\/revisions"}],"wp:featuredmedia":[{"embeddable":true,"href":"https:\/\/www.ambienteyenergia.gob.ec\/ambiente\/wp-json\/wp\/v2\/media\/20399"}],"wp:attachment":[{"href":"https:\/\/www.ambienteyenergia.gob.ec\/ambiente\/wp-json\/wp\/v2\/media?parent=20398"}],"wp:term":[{"taxonomy":"category","embeddable":true,"href":"https:\/\/www.ambienteyenergia.gob.ec\/ambiente\/wp-json\/wp\/v2\/categories?post=20398"},{"taxonomy":"post_tag","embeddable":true,"href":"https:\/\/www.ambienteyenergia.gob.ec\/ambiente\/wp-json\/wp\/v2\/tags?post=20398"}],"curies":[{"name":"wp","href":"https:\/\/api.w.org\/{rel}","templated":true}]}}