{"id":20390,"date":"2014-05-28T09:02:35","date_gmt":"2014-05-28T14:02:35","guid":{"rendered":"http:\/\/www.ambiente.gob.ec\/?p=20390"},"modified":"2014-05-28T09:02:35","modified_gmt":"2014-05-28T14:02:35","slug":"1-200-plantas-se-sembraron-en-carchi-por-el-dia-del-arbol-2","status":"publish","type":"post","link":"https:\/\/www.ambienteyenergia.gob.ec\/ambiente\/1-200-plantas-se-sembraron-en-carchi-por-el-dia-del-arbol-2\/","title":{"rendered":"1 200 plantas se sembraron en Carchi por el D\u00eda del \u00c1rbol"},"content":{"rendered":"<p style=\"text-align: justify;\">En conmemoraci\u00f3n al D\u00eda del \u00c1rbol, el Ministerio del Ambiente (MAE) realiz\u00f3 varias actividades con el fin de concienciar a la ciudadan\u00eda sobre la importancia que tienen los recursos forestales. Como parte de ello, se efectu\u00f3 una jornada de restauraci\u00f3n forestal en la que se sembraron 1 200 plantas en el sector Piedra Hoyada del cant\u00f3n Tulc\u00e1n, provincia del Carchi.<\/p>\n<p style=\"text-align: justify;\">En esta iniciativa \u00a0que se ejecut\u00f3 en coordinaci\u00f3n con el Gobierno Provincial del Carchi, participaron alrededor de 42 personas, entre ellas, j\u00f3venes del Proyecto Servicio Civil Ciudadano y guardias ambientales de Montufar. Las especies utilizadas para la reforestaci\u00f3n fueron aliso, cedro, pumamaqui y arrayan.<\/p>\n<p style=\"text-align: justify;\">Asimismo, se desarroll\u00f3 una jornada de capacitaci\u00f3n dirigida a los representantes de la Asociaci\u00f3n de Ganaderos de Montufar sobre los procesos de Regulaci\u00f3n Ambiental, \u00a0establecidos en el Acuerdo Ministerial 006 del 18 de febrero del 2014. El evento que se efectu\u00f3 en el sal\u00f3n del Centro Agr\u00edcola de Montufar, cont\u00f3 con la asistencia de 30 representantes de la Asociaci\u00f3n.<\/p>\n<p style=\"text-align: justify;\">De la misma forma, el MAE junto con la Asociaci\u00f3n de Transporte Pesado del Carchi imparti\u00f3 un taller para conductores de la provincia sobre temas relacionados al proceso de Licenciamiento Ambiental de Transporte de Qu\u00edmicos Peligrosos y Transporte de Carga Pesada. Cerca de 40 representantes se dieron cita en las instalaciones de la Universidad Polit\u00e9cnica Estatal del Carchi, donde t\u00e9cnicos de esta Cartera de Estado explicaron tambi\u00e9n acerca del proceso de regularizaci\u00f3n ambiental, seg\u00fan lo establecido en el Acuerdo Ministerial 161, del 31 de agosto de 2011 y al Acuerdo Ministerial 026 del 28 de febrero de 2008.<\/p>\n","protected":false},"excerpt":{"rendered":"<p class=\"excerpt\">En conmemoraci\u00f3n al D\u00eda del \u00c1rbol, el Ministerio del Ambiente (MAE) realiz\u00f3 varias actividades con el fin de concienciar a la ciudadan\u00eda sobre la importancia que tienen los recursos forestales. Como parte de ello, se efectu\u00f3 una jornada de restauraci\u00f3n forestal en la que se sembraron 1 200 plantas en el sector Piedra Hoyada del cant\u00f3n Tulc\u00e1n, provincia del Carchi.&hellip; <a href=\"https:\/\/www.ambienteyenergia.gob.ec\/ambiente\/1-200-plantas-se-sembraron-en-carchi-por-el-dia-del-arbol-2\/\">Read more &rarr;<\/a><\/p>\n","protected":false},"author":13,"featured_media":20391,"comment_status":"open","ping_status":"open","sticky":false,"template":"","format":"standard","meta":{"footnotes":""},"categories":[16,4],"tags":[],"class_list":["post-20390","post","type-post","status-publish","format-standard","has-post-thumbnail","hentry","category-comunicamos","category-noticias","xfolkentry"],"_links":{"self":[{"href":"https:\/\/www.ambienteyenergia.gob.ec\/ambiente\/wp-json\/wp\/v2\/posts\/20390","targetHints":{"allow":["GET"]}}],"collection":[{"href":"https:\/\/www.ambienteyenergia.gob.ec\/ambiente\/wp-json\/wp\/v2\/posts"}],"about":[{"href":"https:\/\/www.ambienteyenergia.gob.ec\/ambiente\/wp-json\/wp\/v2\/types\/post"}],"author":[{"embeddable":true,"href":"https:\/\/www.ambienteyenergia.gob.ec\/ambiente\/wp-json\/wp\/v2\/users\/13"}],"replies":[{"embeddable":true,"href":"https:\/\/www.ambienteyenergia.gob.ec\/ambiente\/wp-json\/wp\/v2\/comments?post=20390"}],"version-history":[{"count":0,"href":"https:\/\/www.ambienteyenergia.gob.ec\/ambiente\/wp-json\/wp\/v2\/posts\/20390\/revisions"}],"wp:featuredmedia":[{"embeddable":true,"href":"https:\/\/www.ambienteyenergia.gob.ec\/ambiente\/wp-json\/wp\/v2\/media\/20391"}],"wp:attachment":[{"href":"https:\/\/www.ambienteyenergia.gob.ec\/ambiente\/wp-json\/wp\/v2\/media?parent=20390"}],"wp:term":[{"taxonomy":"category","embeddable":true,"href":"https:\/\/www.ambienteyenergia.gob.ec\/ambiente\/wp-json\/wp\/v2\/categories?post=20390"},{"taxonomy":"post_tag","embeddable":true,"href":"https:\/\/www.ambienteyenergia.gob.ec\/ambiente\/wp-json\/wp\/v2\/tags?post=20390"}],"curies":[{"name":"wp","href":"https:\/\/api.w.org\/{rel}","templated":true}]}}