{"id":20386,"date":"2014-05-28T08:31:13","date_gmt":"2014-05-28T13:31:13","guid":{"rendered":"http:\/\/www.ambiente.gob.ec\/?p=20386"},"modified":"2014-05-28T08:31:13","modified_gmt":"2014-05-28T13:31:13","slug":"mae-participa-en-el-foro-de-buenas-practicas-sobre-gobierno-electronico-e-innovacion","status":"publish","type":"post","link":"https:\/\/www.ambienteyenergia.gob.ec\/ambiente\/mae-participa-en-el-foro-de-buenas-practicas-sobre-gobierno-electronico-e-innovacion\/","title":{"rendered":"MAE participa en el Foro de Buenas Pr\u00e1cticas sobre Gobierno Electr\u00f3nico e Innovaci\u00f3n"},"content":{"rendered":"<p style=\"text-align: justify;\">El Ministerio del Ambiente de Ecuador (MAE), en el marco del uso de recursos digitales (Gobierno Electr\u00f3nico), trabaja en el desarrollo e implementaci\u00f3n de soluciones tecnol\u00f3gicas integrales, las mismas que permiten la integraci\u00f3n y difusi\u00f3n de informaci\u00f3n, de manera eficaz y eficiente, en los procesos estatales internos vinculados a la sociedad.<\/p>\n<p>Es por tal motivo que la Autoridad Ambiental ha puesto al servicio de las y los ciudadanos el sistema integral SUIA (Sistema \u00danico de Informaci\u00f3n Ambiental) encaminado a ofrecer servicios e informaci\u00f3n para apoyar en la planificaci\u00f3n de estrategias gerenciales ambientales, bas\u00e1ndose en el dise\u00f1o, desarrollo y automatizaci\u00f3n de procesos relevantes y agregadores de valor para el MAE; teniendo siempre presente el mejoramiento continuo, con el objetivo de brindar agilidad, confiabilidad y fomentar el uso de buenas pr\u00e1cticas ambientales en las personas.<\/p>\n<p>En su intervenci\u00f3n, Geovanny Ald\u00e1s, Gerente del Proyecto SUIA, en representaci\u00f3n de la Ministra del Ambiente, Lorena Tapia asegur\u00f3 que: \u201clos avances que existen a nivel mundial, nos incentiva a hacer las cosas de forma diferente, pues estamos a un clic de nuevas realidades, de m\u00e1s oportunidades globales y nosotros no podemos darnos el lujo de cruzarnos de brazos sin usar todos nuestros recursos. Definitivamente apostamos al desarrollo tecnol\u00f3gico, que nos obliga a ser m\u00e1s competitivos en todos los campos y cuando se trata del ambiente, no hay esfuerzo peque\u00f1o\u201d.<\/p>\n<p>Esta plataforma permite desarrollar y fortalecer la arquitectura inform\u00e1tica del MAE, en base a la din\u00e1mica de implementaci\u00f3n de nuevos requerimientos institucionales, garantizando la disponibilidad y estabilidad de todos los productos y servicios que brinda esta Cartera de Estado, bajo est\u00e1ndares con altas prestaciones de seguridad y gesti\u00f3n de la informaci\u00f3n.<\/p>\n<p>Adem\u00e1s, este sistema permite generar investigaci\u00f3n en base al diagn\u00f3stico integral de la situaci\u00f3n presente, en la que se encuentra la investigaci\u00f3n ambiental en nuestro pa\u00eds, actualizando constantemente los principios de conocimiento e informaci\u00f3n que se generan, a trav\u00e9s de un mapeo de profesionales cient\u00edficos, instituciones p\u00fablicas y privadas, organismos no gubernamentales nacionales e internacionales que realicen investigaci\u00f3n de temas ambientales para facilitar la promoci\u00f3n, intercambio y difusi\u00f3n de los estudios a nivel local, regional y nacional.<\/p>\n<p>\u201cEl Sistema \u00danico de Informaci\u00f3n Ambiental de esta Cartera de Estado busca ofrecer servicios e informaci\u00f3n veraz y efectiva desde un solo portal. Todos los sistemas de informaci\u00f3n concerniente a la tem\u00e1tica ambiental, son administrados, gestionados e integrados en una sola plataforma tecnol\u00f3gica. Con el desarrollo y manejo del SUIA y con la incorporaci\u00f3n de tecnolog\u00eda de punta, el Ministerio del Ambiente brinda agilidad, confiabilidad y fomenta el uso de buenas pr\u00e1cticas ambientales en las personas. Eso es un logro emblem\u00e1tico en nuestra administraci\u00f3n gracias al apoyo constante del Presidente Rafael Correa\u201d, enfatiz\u00f3 Ald\u00e1s.<\/p>\n<p>El objetivo primordial del SUIA es integrar, implementar y gestionar soluciones e innovaciones, que permitan ofrecer disponibilidad, confiabilidad y seguridad en la informaci\u00f3n y servicios que brinda esta Cartera de Estado, como base en el buen servicio y excelencia en la atenci\u00f3n.<\/p>\n<p>\u201cEstamos seguros de que la gesti\u00f3n realizada desde el SUIA, permite a esta Cartera de Estado, ser un referente nacional y regional, de incorporaci\u00f3n de buenas pr\u00e1cticas ambientales y tecnol\u00f3gicas\u201d, finaliz\u00f3 Ald\u00e1s.<\/p>\n<p style=\"text-align: justify;\"><a href=\"http:\/\/www.ambienteyenergia.gob.ec\/ambiente\/wp-content\/uploads\/2014\/05\/galdas2.jpg\"><img loading=\"lazy\" decoding=\"async\" class=\"aligncenter size-full wp-image-20388\" alt=\"MAE participa en el Foro de Buenas Pr\u00e1cticas sobre Gobierno Electr\u00f3nico e Innovaci\u00f3n\" src=\"http:\/\/www.ambienteyenergia.gob.ec\/ambiente\/wp-content\/uploads\/2014\/05\/galdas2.jpg\" width=\"650\" height=\"366\" srcset=\"https:\/\/www.ambienteyenergia.gob.ec\/ambiente\/wp-content\/uploads\/sites\/2\/2014\/05\/galdas2.jpg 650w, https:\/\/www.ambienteyenergia.gob.ec\/ambiente\/wp-content\/uploads\/sites\/2\/2014\/05\/galdas2-300x168.jpg 300w, https:\/\/www.ambienteyenergia.gob.ec\/ambiente\/wp-content\/uploads\/sites\/2\/2014\/05\/galdas2-500x281.jpg 500w\" sizes=\"auto, (max-width: 650px) 100vw, 650px\" \/><\/a><\/p>\n","protected":false},"excerpt":{"rendered":"<p class=\"excerpt\">El Ministerio del Ambiente de Ecuador (MAE), en el marco del uso de recursos digitales (Gobierno Electr\u00f3nico), trabaja en el desarrollo e implementaci\u00f3n de soluciones tecnol\u00f3gicas integrales, las mismas que permiten la integraci\u00f3n y difusi\u00f3n de informaci\u00f3n, de manera eficaz y eficiente, en los procesos estatales internos vinculados a la sociedad. Es por tal motivo que la Autoridad Ambiental ha&hellip; <a href=\"https:\/\/www.ambienteyenergia.gob.ec\/ambiente\/mae-participa-en-el-foro-de-buenas-practicas-sobre-gobierno-electronico-e-innovacion\/\">Read more &rarr;<\/a><\/p>\n","protected":false},"author":13,"featured_media":20387,"comment_status":"open","ping_status":"open","sticky":false,"template":"","format":"standard","meta":{"footnotes":""},"categories":[16,4],"tags":[],"class_list":["post-20386","post","type-post","status-publish","format-standard","has-post-thumbnail","hentry","category-comunicamos","category-noticias","xfolkentry"],"_links":{"self":[{"href":"https:\/\/www.ambienteyenergia.gob.ec\/ambiente\/wp-json\/wp\/v2\/posts\/20386","targetHints":{"allow":["GET"]}}],"collection":[{"href":"https:\/\/www.ambienteyenergia.gob.ec\/ambiente\/wp-json\/wp\/v2\/posts"}],"about":[{"href":"https:\/\/www.ambienteyenergia.gob.ec\/ambiente\/wp-json\/wp\/v2\/types\/post"}],"author":[{"embeddable":true,"href":"https:\/\/www.ambienteyenergia.gob.ec\/ambiente\/wp-json\/wp\/v2\/users\/13"}],"replies":[{"embeddable":true,"href":"https:\/\/www.ambienteyenergia.gob.ec\/ambiente\/wp-json\/wp\/v2\/comments?post=20386"}],"version-history":[{"count":0,"href":"https:\/\/www.ambienteyenergia.gob.ec\/ambiente\/wp-json\/wp\/v2\/posts\/20386\/revisions"}],"wp:featuredmedia":[{"embeddable":true,"href":"https:\/\/www.ambienteyenergia.gob.ec\/ambiente\/wp-json\/wp\/v2\/media\/20387"}],"wp:attachment":[{"href":"https:\/\/www.ambienteyenergia.gob.ec\/ambiente\/wp-json\/wp\/v2\/media?parent=20386"}],"wp:term":[{"taxonomy":"category","embeddable":true,"href":"https:\/\/www.ambienteyenergia.gob.ec\/ambiente\/wp-json\/wp\/v2\/categories?post=20386"},{"taxonomy":"post_tag","embeddable":true,"href":"https:\/\/www.ambienteyenergia.gob.ec\/ambiente\/wp-json\/wp\/v2\/tags?post=20386"}],"curies":[{"name":"wp","href":"https:\/\/api.w.org\/{rel}","templated":true}]}}