{"id":20381,"date":"2014-05-27T20:47:27","date_gmt":"2014-05-28T01:47:27","guid":{"rendered":"http:\/\/www.ambiente.gob.ec\/?p=20381"},"modified":"2014-05-27T20:47:27","modified_gmt":"2014-05-28T01:47:27","slug":"giz-y-kwf-invertiran-usd-345-millones-en-programa-de-desarrollo-sostenible-de-la-reserva-de-biosfera-yasuni","status":"publish","type":"post","link":"https:\/\/www.ambienteyenergia.gob.ec\/ambiente\/giz-y-kwf-invertiran-usd-345-millones-en-programa-de-desarrollo-sostenible-de-la-reserva-de-biosfera-yasuni\/","title":{"rendered":"GIZ y KWF invertir\u00e1n USD 34,5 millones en programa de Desarrollo Sostenible de la Reserva de Biosfera Yasun\u00ed"},"content":{"rendered":"<p style=\"text-align: justify;\">Hoy, el Ministerio del Ambiente (MAE) particip\u00f3 en la presentaci\u00f3n del programa especial de Desarrollo Sostenible de la Reserva de Biosfera Yasun\u00ed, que se ejecuta a trav\u00e9s de la contribuci\u00f3n del Gobierno Alem\u00e1n, mediante la Cooperaci\u00f3n T\u00e9cnica (GIZ) y la Cooperaci\u00f3n Financiera (KWF). Este programa tienen como objetivo principal la conservaci\u00f3n, integralidad ecol\u00f3gica y cultural, y el desarrollo sostenible del \u00e1rea protegida, promoviendo la participaci\u00f3n de los actores locales, organizaciones ind\u00edgenas y mestizas. El monto de inversi\u00f3n de los convenios macro es de USD 34,5 millones.<\/p>\n<p style=\"text-align: justify;\">Al evento de socializaci\u00f3n que se desarroll\u00f3 en el hotel Auca ubicado en la provincia de Francisco de Orellana, asistieron Ramiro Herrera, Gobernador de Orellana; Anita Rivas, Alcaldesa de Francisco de Orellana; Sergio Chac\u00f3n, prefecto del Napo; Alexander Olbrich, embajador de Alemania y Barbara Hess, Directora Residente de GIZ en Ecuador.<\/p>\n<p style=\"text-align: justify;\">\u00abLos proyectos, que hoy van a ser presentados contribuyen verdaderamente a la transformaci\u00f3n econ\u00f3mica y productiva del Ecuador\u00bb, asegur\u00f3 Christian Ter\u00e1n, Subsecretario de Patrimonio Natural del MAE, quien en representaci\u00f3n de la Ministra del Ambiente, Lorena Tapia, mencion\u00f3 que esta cooperaci\u00f3n se ha alineado de una manera efectiva y eficaz a las pol\u00edticas p\u00fablicas nacionales, sobre todo, en favor del Parque Nacional Yasun\u00ed, el \u00e1rea protegida mejor monitoreada del pa\u00eds.<\/p>\n<p style=\"text-align: justify;\">La cooperaci\u00f3n ecuatoriano-alemana busca, adem\u00e1s, fortalecer el desempe\u00f1o en los procesos de gesti\u00f3n y presentaci\u00f3n de servicios del Parque Nacional Yasun\u00ed. Entre sus l\u00edneas de trabajo est\u00e1n el mantenimiento de la biodiversidad y los recursos naturales renovables, ampliaci\u00f3n de capacidades locales, fomento de la producci\u00f3n agroforestal sostenible, comunicaci\u00f3n y gesti\u00f3n del conocimiento, y zonificaci\u00f3n territorial con enfoque en cambio clim\u00e1tico.<\/p>\n<p style=\"text-align: justify;\">\u00abNosotros prestamos servicios de asesor\u00eda, capacitaci\u00f3n, transferencia de tecnolog\u00edas, de apoyo a la ejecuci\u00f3n de proyectos, aportamos adem\u00e1s a la conservaci\u00f3n de \u00e1reas, producci\u00f3n agroforestal sostenible, soberan\u00eda alimentaria, panificaci\u00f3n territorial y ampliaci\u00f3n de las actividades locales\u00bb, explic\u00f3 Hess, directora residente de la GIZ en Ecuador.<\/p>\n<p style=\"text-align: justify;\">Por su parte, el Embajador Alem\u00e1n afirm\u00f3 que con este programa especial dedicado a la Reserva de Biosfera de Yasun\u00ed se va a fomentar la gesti\u00f3n integral del Parque Yasun\u00ed y la construcci\u00f3n de un sistema nacional de monitoreo de bosques.<\/p>\n<p style=\"text-align: justify;\">Las capacitaciones, tambi\u00e9n, ser\u00e1n ejes estrat\u00e9gicos del proyecto, pues proporcionar\u00e1n a los funcionarios del parque y entidades involucradas en el proceso de desarrollo del Yasun\u00ed un incremento en sus conocimientos, habilidades y destrezas sobre las \u00e1reas gerenciales y t\u00e9cnicas.<\/p>\n<p style=\"text-align: justify;\">La gesti\u00f3n en el Yasun\u00ed se basar\u00e1, especialmente, en el mejoramiento del sistema de control y vigilancia; uso de energ\u00edas alternativas para el parque y comunidades cercanas; clasificaci\u00f3n de la delimitaci\u00f3n f\u00edsica y se\u00f1alizaci\u00f3n, as\u00ed como la terminaci\u00f3n del plan de manejo.<\/p>\n<p style=\"text-align: justify;\">Finalmente, Ter\u00e1n agradeci\u00f3 en nombre de la M\u00e1xima Autoridad Ambiental, la Ministra Lorena Tapia, a todos los miembros de los proyectos de la Cooperaci\u00f3n T\u00e9cnica y Financiera del Gobierno Alem\u00e1n, quienes son aliados claves dentro del desarrollo y la estrategia de conservaci\u00f3n innovadora que tiene el Ministerio del Ambiente.<\/p>\n","protected":false},"excerpt":{"rendered":"<p class=\"excerpt\">Hoy, el Ministerio del Ambiente (MAE) particip\u00f3 en la presentaci\u00f3n del programa especial de Desarrollo Sostenible de la Reserva de Biosfera Yasun\u00ed, que se ejecuta a trav\u00e9s de la contribuci\u00f3n del Gobierno Alem\u00e1n, mediante la Cooperaci\u00f3n T\u00e9cnica (GIZ) y la Cooperaci\u00f3n Financiera (KWF). Este programa tienen como objetivo principal la conservaci\u00f3n, integralidad ecol\u00f3gica y cultural, y el desarrollo sostenible del&hellip; <a href=\"https:\/\/www.ambienteyenergia.gob.ec\/ambiente\/giz-y-kwf-invertiran-usd-345-millones-en-programa-de-desarrollo-sostenible-de-la-reserva-de-biosfera-yasuni\/\">Read more &rarr;<\/a><\/p>\n","protected":false},"author":13,"featured_media":20383,"comment_status":"open","ping_status":"open","sticky":false,"template":"","format":"standard","meta":{"footnotes":""},"categories":[16,4],"tags":[108,53,182,505,247],"class_list":["post-20381","post","type-post","status-publish","format-standard","has-post-thumbnail","hentry","category-comunicamos","category-noticias","tag-lorena-tapia","tag-mae","tag-orellana","tag-reserva-de-biosfera","tag-yasuni","xfolkentry"],"_links":{"self":[{"href":"https:\/\/www.ambienteyenergia.gob.ec\/ambiente\/wp-json\/wp\/v2\/posts\/20381","targetHints":{"allow":["GET"]}}],"collection":[{"href":"https:\/\/www.ambienteyenergia.gob.ec\/ambiente\/wp-json\/wp\/v2\/posts"}],"about":[{"href":"https:\/\/www.ambienteyenergia.gob.ec\/ambiente\/wp-json\/wp\/v2\/types\/post"}],"author":[{"embeddable":true,"href":"https:\/\/www.ambienteyenergia.gob.ec\/ambiente\/wp-json\/wp\/v2\/users\/13"}],"replies":[{"embeddable":true,"href":"https:\/\/www.ambienteyenergia.gob.ec\/ambiente\/wp-json\/wp\/v2\/comments?post=20381"}],"version-history":[{"count":0,"href":"https:\/\/www.ambienteyenergia.gob.ec\/ambiente\/wp-json\/wp\/v2\/posts\/20381\/revisions"}],"wp:featuredmedia":[{"embeddable":true,"href":"https:\/\/www.ambienteyenergia.gob.ec\/ambiente\/wp-json\/wp\/v2\/media\/20383"}],"wp:attachment":[{"href":"https:\/\/www.ambienteyenergia.gob.ec\/ambiente\/wp-json\/wp\/v2\/media?parent=20381"}],"wp:term":[{"taxonomy":"category","embeddable":true,"href":"https:\/\/www.ambienteyenergia.gob.ec\/ambiente\/wp-json\/wp\/v2\/categories?post=20381"},{"taxonomy":"post_tag","embeddable":true,"href":"https:\/\/www.ambienteyenergia.gob.ec\/ambiente\/wp-json\/wp\/v2\/tags?post=20381"}],"curies":[{"name":"wp","href":"https:\/\/api.w.org\/{rel}","templated":true}]}}