{"id":20376,"date":"2014-05-27T17:48:23","date_gmt":"2014-05-27T22:48:23","guid":{"rendered":"http:\/\/www.ambiente.gob.ec\/?p=20376"},"modified":"2014-05-27T21:32:55","modified_gmt":"2014-05-28T02:32:55","slug":"extincion-de-especies-ocurrieron-antes-de-la-creacion-del-parque-nacional-galagagos","status":"publish","type":"post","link":"https:\/\/www.ambienteyenergia.gob.ec\/ambiente\/extincion-de-especies-ocurrieron-antes-de-la-creacion-del-parque-nacional-galagagos\/","title":{"rendered":"Extinci\u00f3n de especies ocurrieron antes de la creaci\u00f3n del Parque Nacional Gal\u00e1pagos"},"content":{"rendered":"<p style=\"text-align: justify;\"><em>En relaci\u00f3n a la publicaci\u00f3n de Diario El Comercio la autoridad ambiental informa sobre algunas omisiones.<\/em><\/p>\n<p style=\"text-align: justify;\">Hoy, Diario El Comercio public\u00f3 una nota titulada \u201cGal\u00e1pagos: 15 especies desaparecieron\u201d en la que hace referencia a la p\u00e9rdida de especies en el archipi\u00e9lago, sin mencionar que \u00e9stas se dieron antes de la creaci\u00f3n del Parque Nacional Gal\u00e1pagos en 1959 y algunas inclusive antes de la visita del cient\u00edfico brit\u00e1nico Charles Darwin en 1835. Hay que recalcar que Gal\u00e1pagos conserva el 95% de su biodiversidad original.<\/p>\n<p style=\"text-align: justify;\">Las desapariciones a las que hace referencia la publicaci\u00f3n de Diario El Comercio est\u00e1n relacionadas con las cinco especies de tortugas gigantes extintas correspondientes a las islas Santa Fe, R\u00e1bida, Floreana y Pinta por causas antr\u00f3picas, especialmente, por la caza de balleneros y piratas a finales del siglo 19; y la especie de la isla Fernandina por erupciones volc\u00e1nicas hace m\u00e1s de 200 a\u00f1os.<\/p>\n<p style=\"text-align: justify;\">Otras extinciones registradas son las de cuatro especies de roedores end\u00e9micos. Las evidencias demuestran que \u00e9stas ocurrieron debido a la competencia por espacio y alimento con roedores invasores rata negra, rata noruega y rat\u00f3n casero, primeras invasoras en arribar a las islas Gal\u00e1pagos.<\/p>\n<p style=\"text-align: justify;\">En cuanto a plantas, est\u00e1 confirmada la extinci\u00f3n de dos especies end\u00e9micas: la Blutaparon rigidum, registrada por \u00faltima vez en 1906 y la Sicyos villosa, que no ha sido registrada nuevamente desde la visita de Charles Darwin.<\/p>\n<p style=\"text-align: justify;\">Desde la creaci\u00f3n del Parque Nacional Gal\u00e1pagos, como primer \u00e1rea protegida del pa\u00eds, el Estado ecuatoriano, con el apoyo de aliados estrat\u00e9gicos, ha implementado acciones de manejo que han permitido recuperar poblaciones de especies que se encontraban seriamente amenazadas. La reproducci\u00f3n de especies en cautiverio, el control y erradicaci\u00f3n de especies introducidas, y la restauraci\u00f3n de ecosistemas alterados son algunos proyectos que demuestran el compromiso adquirido para conservar y proteger este Patrimonio Natural de la Humanidad.<\/p>\n<p style=\"text-align: justify;\">Gal\u00e1pagos conserva del 95% de su biodiversidad original.<\/p>\n","protected":false},"excerpt":{"rendered":"<p class=\"excerpt\">En relaci\u00f3n a la publicaci\u00f3n de Diario El Comercio la autoridad ambiental informa sobre algunas omisiones. Hoy, Diario El Comercio public\u00f3 una nota titulada \u201cGal\u00e1pagos: 15 especies desaparecieron\u201d en la que hace referencia a la p\u00e9rdida de especies en el archipi\u00e9lago, sin mencionar que \u00e9stas se dieron antes de la creaci\u00f3n del Parque Nacional Gal\u00e1pagos en 1959 y algunas inclusive&hellip; <a href=\"https:\/\/www.ambienteyenergia.gob.ec\/ambiente\/extincion-de-especies-ocurrieron-antes-de-la-creacion-del-parque-nacional-galagagos\/\">Read more &rarr;<\/a><\/p>\n","protected":false},"author":13,"featured_media":18911,"comment_status":"open","ping_status":"open","sticky":false,"template":"","format":"standard","meta":{"footnotes":""},"categories":[16,4],"tags":[56,387,347],"class_list":["post-20376","post","type-post","status-publish","format-standard","has-post-thumbnail","hentry","category-comunicamos","category-noticias","tag-galapagos","tag-mae-lorena-tapia","tag-parque-nacional-galapagos","xfolkentry"],"_links":{"self":[{"href":"https:\/\/www.ambienteyenergia.gob.ec\/ambiente\/wp-json\/wp\/v2\/posts\/20376","targetHints":{"allow":["GET"]}}],"collection":[{"href":"https:\/\/www.ambienteyenergia.gob.ec\/ambiente\/wp-json\/wp\/v2\/posts"}],"about":[{"href":"https:\/\/www.ambienteyenergia.gob.ec\/ambiente\/wp-json\/wp\/v2\/types\/post"}],"author":[{"embeddable":true,"href":"https:\/\/www.ambienteyenergia.gob.ec\/ambiente\/wp-json\/wp\/v2\/users\/13"}],"replies":[{"embeddable":true,"href":"https:\/\/www.ambienteyenergia.gob.ec\/ambiente\/wp-json\/wp\/v2\/comments?post=20376"}],"version-history":[{"count":0,"href":"https:\/\/www.ambienteyenergia.gob.ec\/ambiente\/wp-json\/wp\/v2\/posts\/20376\/revisions"}],"wp:featuredmedia":[{"embeddable":true,"href":"https:\/\/www.ambienteyenergia.gob.ec\/ambiente\/wp-json\/wp\/v2\/media\/18911"}],"wp:attachment":[{"href":"https:\/\/www.ambienteyenergia.gob.ec\/ambiente\/wp-json\/wp\/v2\/media?parent=20376"}],"wp:term":[{"taxonomy":"category","embeddable":true,"href":"https:\/\/www.ambienteyenergia.gob.ec\/ambiente\/wp-json\/wp\/v2\/categories?post=20376"},{"taxonomy":"post_tag","embeddable":true,"href":"https:\/\/www.ambienteyenergia.gob.ec\/ambiente\/wp-json\/wp\/v2\/tags?post=20376"}],"curies":[{"name":"wp","href":"https:\/\/api.w.org\/{rel}","templated":true}]}}