{"id":20373,"date":"2014-05-27T17:02:30","date_gmt":"2014-05-27T22:02:30","guid":{"rendered":"http:\/\/www.ambiente.gob.ec\/?p=20373"},"modified":"2014-05-27T17:02:30","modified_gmt":"2014-05-27T22:02:30","slug":"hoy-se-dio-inicio-a-la-tercera-comunicacion-nacional-de-cambio-climatico-ante-la-comunidad-nacional-e-internacional","status":"publish","type":"post","link":"https:\/\/www.ambienteyenergia.gob.ec\/ambiente\/hoy-se-dio-inicio-a-la-tercera-comunicacion-nacional-de-cambio-climatico-ante-la-comunidad-nacional-e-internacional\/","title":{"rendered":"Hoy se dio inicio a la Tercera Comunicaci\u00f3n Nacional de Cambio Clim\u00e1tico ante la comunidad nacional e internacional"},"content":{"rendered":"<p style=\"text-align: justify;\">Esta ma\u00f1ana, la Ministra Lorena Tapia N\u00fa\u00f1ez, inaugur\u00f3 el primer taller relacionado con la Tercera Comunicaci\u00f3n Nacional de Cambio Clim\u00e1tico, proyecto\u00a0liderado por el Ministerio del Ambiente a trav\u00e9s de la Subsecretar\u00eda de Cambio Clim\u00e1tico, que se enmarca en el cumplimiento de los compromisos adquiridos por el Ecuador ante la Convenci\u00f3n Marco de las Naciones Unidas sobre el Cambio Clim\u00e1tico (CMNUCC). Consiste en la preparaci\u00f3n de un documento de reporte que permite mostrar ante la comunidad internacional los avances en materia de mitigaci\u00f3n y adaptaci\u00f3n, y dem\u00e1s logros relacionados.<\/p>\n<p style=\"text-align: justify;\">\n<p style=\"text-align: justify;\">En su intervenci\u00f3n, la Ministra Tapia afirm\u00f3 que\u00a0\u201cel Gobierno del Ecuador ha asumido el compromiso de\u00a0coordinar las acciones necesarias para hacer frente al cambio clim\u00e1tico\u00a0ante la Convenci\u00f3n Marco de Naciones Unidas para el Cambio Clim\u00e1tico, pero m\u00e1s a\u00fan con una cultura por la vida\u2026\u201d<\/p>\n<p style=\"text-align: justify;\">\n<p style=\"text-align: justify;\">Insisti\u00f3 en su discurso: \u201cen particular, la Tercera Comunicaci\u00f3n Nacional nace de un proceso participativo que involucr\u00f3 gran diversidad de actores, por lo que ha sido concebida como una\u00a0<b>plataforma de articulaci\u00f3n con actores clave, enfocada a la institucionalizaci\u00f3n y transversalizaci\u00f3n del cambio clim\u00e1tico.\u201d<\/b><\/p>\n<p style=\"text-align: justify;\">\n<p style=\"text-align: justify;\">Andr\u00e9s Hubenthal, subsecretario de Cambio Clim\u00e1tico, explic\u00f3 los proyectos y las pol\u00edticas que se aplican tanto en adaptaci\u00f3n como mitigaci\u00f3n del cambio clim\u00e1tico, as\u00ed como los avances en las negociaciones internacionales y los logros alcanzados.<\/p>\n<p style=\"text-align: justify;\">\n<p style=\"text-align: justify;\">Los componentes de una Comunicaci\u00f3n Nacional son el Inventario Nacional de Gases Efecto Invernadero, Vulnerabilidad y Adaptaci\u00f3n, Mitigaci\u00f3n, otra informaci\u00f3n que el pa\u00eds considera relevante para el logro de los objetivos de la Convenci\u00f3n, entre los que se han priorizado el de Creaci\u00f3n de Conocimiento P\u00fablico, Generaci\u00f3n\/Gesti\u00f3n del Conocimiento e Informa-ci\u00f3n, Transferencia de Tecnolog\u00eda en Cambio Clim\u00e1tico, Agenda de Investigaci\u00f3n.<\/p>\n<p style=\"text-align: justify;\">\n<p style=\"text-align: justify;\">Este proyecto constituye una excelente oportunidad para dinamizar el di\u00e1logo pol\u00edtico, el conocimiento p\u00fablico y el fortalecimiento de capacidades. El pa\u00eds ya cuenta con dos Comunicaciones Nacionales, la primera presentada en el a\u00f1o 2001 y la segunda en el 2011. La Tercera Comunicaci\u00f3n Nacional deber\u00e1 remitirse para Junio de 2016, per\u00edodo durante el cual el proyecto propiciar\u00e1 una plataforma de articulaci\u00f3n con actores clave, enfocada a la institucionalizaci\u00f3n.<\/p>\n<p style=\"text-align: justify;\">\n<p style=\"text-align: justify;\">La iniciativa es financiada por el Fondo para el Medio Ambiente Mundial (GEF, por sus siglas en ingl\u00e9s), ejecutada por el Ministerio del Ambiente, como entidad a cargo de la rector\u00eda en la materia, y cuenta con el apoyo del Programa de Naciones Unidas para el Desarrollo (PNUD) como agencia de implementaci\u00f3n.<\/p>\n<p style=\"text-align: justify;\">\n<p style=\"text-align: justify;\">Entre los actores clave del proyecto se encuentran instituciones p\u00fablicas\/privadas, ONG, sector acad\u00e9mico, institutos de investigaci\u00f3n, entre otros.<\/p>\n","protected":false},"excerpt":{"rendered":"<p class=\"excerpt\">Esta ma\u00f1ana, la Ministra Lorena Tapia N\u00fa\u00f1ez, inaugur\u00f3 el primer taller relacionado con la Tercera Comunicaci\u00f3n Nacional de Cambio Clim\u00e1tico, proyecto\u00a0liderado por el Ministerio del Ambiente a trav\u00e9s de la Subsecretar\u00eda de Cambio Clim\u00e1tico, que se enmarca en el cumplimiento de los compromisos adquiridos por el Ecuador ante la Convenci\u00f3n Marco de las Naciones Unidas sobre el Cambio Clim\u00e1tico (CMNUCC).&hellip; <a href=\"https:\/\/www.ambienteyenergia.gob.ec\/ambiente\/hoy-se-dio-inicio-a-la-tercera-comunicacion-nacional-de-cambio-climatico-ante-la-comunidad-nacional-e-internacional\/\">Read more &rarr;<\/a><\/p>\n","protected":false},"author":13,"featured_media":20374,"comment_status":"open","ping_status":"open","sticky":false,"template":"","format":"standard","meta":{"footnotes":""},"categories":[16,4],"tags":[],"class_list":["post-20373","post","type-post","status-publish","format-standard","has-post-thumbnail","hentry","category-comunicamos","category-noticias","xfolkentry"],"_links":{"self":[{"href":"https:\/\/www.ambienteyenergia.gob.ec\/ambiente\/wp-json\/wp\/v2\/posts\/20373","targetHints":{"allow":["GET"]}}],"collection":[{"href":"https:\/\/www.ambienteyenergia.gob.ec\/ambiente\/wp-json\/wp\/v2\/posts"}],"about":[{"href":"https:\/\/www.ambienteyenergia.gob.ec\/ambiente\/wp-json\/wp\/v2\/types\/post"}],"author":[{"embeddable":true,"href":"https:\/\/www.ambienteyenergia.gob.ec\/ambiente\/wp-json\/wp\/v2\/users\/13"}],"replies":[{"embeddable":true,"href":"https:\/\/www.ambienteyenergia.gob.ec\/ambiente\/wp-json\/wp\/v2\/comments?post=20373"}],"version-history":[{"count":0,"href":"https:\/\/www.ambienteyenergia.gob.ec\/ambiente\/wp-json\/wp\/v2\/posts\/20373\/revisions"}],"wp:featuredmedia":[{"embeddable":true,"href":"https:\/\/www.ambienteyenergia.gob.ec\/ambiente\/wp-json\/wp\/v2\/media\/20374"}],"wp:attachment":[{"href":"https:\/\/www.ambienteyenergia.gob.ec\/ambiente\/wp-json\/wp\/v2\/media?parent=20373"}],"wp:term":[{"taxonomy":"category","embeddable":true,"href":"https:\/\/www.ambienteyenergia.gob.ec\/ambiente\/wp-json\/wp\/v2\/categories?post=20373"},{"taxonomy":"post_tag","embeddable":true,"href":"https:\/\/www.ambienteyenergia.gob.ec\/ambiente\/wp-json\/wp\/v2\/tags?post=20373"}],"curies":[{"name":"wp","href":"https:\/\/api.w.org\/{rel}","templated":true}]}}