{"id":20370,"date":"2014-05-27T15:33:58","date_gmt":"2014-05-27T20:33:58","guid":{"rendered":"http:\/\/www.ambiente.gob.ec\/?p=20370"},"modified":"2014-05-27T15:33:58","modified_gmt":"2014-05-27T20:33:58","slug":"mae-realizo-jornada-de-reforestacion-por-el-dia-del-arbol-en-manabi","status":"publish","type":"post","link":"https:\/\/www.ambienteyenergia.gob.ec\/ambiente\/mae-realizo-jornada-de-reforestacion-por-el-dia-del-arbol-en-manabi\/","title":{"rendered":"MAE realizo jornada de reforestaci\u00f3n por el D\u00eda del \u00c1rbol en Manab\u00ed"},"content":{"rendered":"<p style=\"text-align: justify;\">Con el aporte\u00a0 de estudiantes de escuelas de los cantones Manta y Puerto L\u00f3pez, adem\u00e1s de\u00a0 voluntarios del Servicio Civil Ciudadano, el Ministerio del Ambiente de Ecuador (MAE) conmemor\u00f3 el D\u00eda del \u00c1rbol con un programa de reforestaci\u00f3n en las \u00e1reas protegidas del Parque Nacional Machalilla y Refugio de Vida Silvestre Marino Costero Pacoche.<\/p>\n<p>La celebraci\u00f3n de este d\u00eda, pretende concienciar a los seres humanos sobre la importancia de los \u00e1rboles, que son fuente de vida y pulmones del planeta, ellos son de mucho beneficio ya que regulan la temperatura, purifican el aire, contribuyen a regular las lluvias, protegen el suelo y albergan ecosistemas.<\/p>\n<p>La conservaci\u00f3n de los recursos naturales es una de las prioridades de esta Cartera de Estado, por tal motivo se plantaron 650 \u00e1rboles de cascol, algarrobo y caoba, durante el evento junto a estudiantes, maestros y directores de los centros educativos, con lo cual se comprometieron a cuidar a estas especies en su desarrollo.<\/p>\n<p>El MAE, tiene proyectado reforestar 500 mil hect\u00e1reas en todo el pa\u00eds en el programa de restauraci\u00f3n forestal con fines de protecci\u00f3n y conservaci\u00f3n ambiental, y protecci\u00f3n de cuencas hidrogr\u00e1ficas hasta el a\u00f1o 2017. Esta iniciativa se la realizar\u00e1 con especies end\u00e9micas de cada uno de los sectores.<\/p>\n","protected":false},"excerpt":{"rendered":"<p class=\"excerpt\">Con el aporte\u00a0 de estudiantes de escuelas de los cantones Manta y Puerto L\u00f3pez, adem\u00e1s de\u00a0 voluntarios del Servicio Civil Ciudadano, el Ministerio del Ambiente de Ecuador (MAE) conmemor\u00f3 el D\u00eda del \u00c1rbol con un programa de reforestaci\u00f3n en las \u00e1reas protegidas del Parque Nacional Machalilla y Refugio de Vida Silvestre Marino Costero Pacoche. La celebraci\u00f3n de este d\u00eda, pretende&hellip; <a href=\"https:\/\/www.ambienteyenergia.gob.ec\/ambiente\/mae-realizo-jornada-de-reforestacion-por-el-dia-del-arbol-en-manabi\/\">Read more &rarr;<\/a><\/p>\n","protected":false},"author":13,"featured_media":20371,"comment_status":"open","ping_status":"open","sticky":false,"template":"","format":"standard","meta":{"footnotes":""},"categories":[16,4],"tags":[],"class_list":["post-20370","post","type-post","status-publish","format-standard","has-post-thumbnail","hentry","category-comunicamos","category-noticias","xfolkentry"],"_links":{"self":[{"href":"https:\/\/www.ambienteyenergia.gob.ec\/ambiente\/wp-json\/wp\/v2\/posts\/20370","targetHints":{"allow":["GET"]}}],"collection":[{"href":"https:\/\/www.ambienteyenergia.gob.ec\/ambiente\/wp-json\/wp\/v2\/posts"}],"about":[{"href":"https:\/\/www.ambienteyenergia.gob.ec\/ambiente\/wp-json\/wp\/v2\/types\/post"}],"author":[{"embeddable":true,"href":"https:\/\/www.ambienteyenergia.gob.ec\/ambiente\/wp-json\/wp\/v2\/users\/13"}],"replies":[{"embeddable":true,"href":"https:\/\/www.ambienteyenergia.gob.ec\/ambiente\/wp-json\/wp\/v2\/comments?post=20370"}],"version-history":[{"count":0,"href":"https:\/\/www.ambienteyenergia.gob.ec\/ambiente\/wp-json\/wp\/v2\/posts\/20370\/revisions"}],"wp:featuredmedia":[{"embeddable":true,"href":"https:\/\/www.ambienteyenergia.gob.ec\/ambiente\/wp-json\/wp\/v2\/media\/20371"}],"wp:attachment":[{"href":"https:\/\/www.ambienteyenergia.gob.ec\/ambiente\/wp-json\/wp\/v2\/media?parent=20370"}],"wp:term":[{"taxonomy":"category","embeddable":true,"href":"https:\/\/www.ambienteyenergia.gob.ec\/ambiente\/wp-json\/wp\/v2\/categories?post=20370"},{"taxonomy":"post_tag","embeddable":true,"href":"https:\/\/www.ambienteyenergia.gob.ec\/ambiente\/wp-json\/wp\/v2\/tags?post=20370"}],"curies":[{"name":"wp","href":"https:\/\/api.w.org\/{rel}","templated":true}]}}