{"id":20366,"date":"2014-05-27T14:10:44","date_gmt":"2014-05-27T19:10:44","guid":{"rendered":"http:\/\/www.ambiente.gob.ec\/?p=20366"},"modified":"2014-05-27T14:10:44","modified_gmt":"2014-05-27T19:10:44","slug":"mae-rescata-especimenes-de-vida-silvestre-en-el-control-fijo-de-san-jeronimo-en-imbabura","status":"publish","type":"post","link":"https:\/\/www.ambienteyenergia.gob.ec\/ambiente\/mae-rescata-especimenes-de-vida-silvestre-en-el-control-fijo-de-san-jeronimo-en-imbabura\/","title":{"rendered":"MAE rescata espec\u00edmenes de vida silvestre en el control fijo de San Jer\u00f3nimo en Imbabura"},"content":{"rendered":"<p style=\"text-align: justify;\">El Ministerio del Ambiente (MAE), a trav\u00e9s de la Direcci\u00f3n Provincial del Ambiente de Imbabura, decomisaron a cuatro espec\u00edmenes de vida silvestre en el operativo de control realizado en el Control de San Jer\u00f3nimo. Esta actividad se la realiz\u00f3 gracias al trabajo coordinado de los Inspectores Forestales, con el objetivo de precautelar la sostenibilidad ambiental.<\/p>\n<p style=\"text-align: justify;\">\nComo resultado de esta actividad se logr\u00f3 confiscar a dos Loros y dos Tortugas, que luego de las valoraciones veterinarias obligatorias y necesarias para determinar el estado de salud de estos animales fueron entregados al Zool\u00f3gico de Manejo Guayabillas, en donde contaran con los cuidados necesarios para su desarrollo.<\/p>\n","protected":false},"excerpt":{"rendered":"<p class=\"excerpt\">El Ministerio del Ambiente (MAE), a trav\u00e9s de la Direcci\u00f3n Provincial del Ambiente de Imbabura, decomisaron a cuatro espec\u00edmenes de vida silvestre en el operativo de control realizado en el Control de San Jer\u00f3nimo. Esta actividad se la realiz\u00f3 gracias al trabajo coordinado de los Inspectores Forestales, con el objetivo de precautelar la sostenibilidad ambiental. Como resultado de esta actividad&hellip; <a href=\"https:\/\/www.ambienteyenergia.gob.ec\/ambiente\/mae-rescata-especimenes-de-vida-silvestre-en-el-control-fijo-de-san-jeronimo-en-imbabura\/\">Read more &rarr;<\/a><\/p>\n","protected":false},"author":13,"featured_media":20367,"comment_status":"open","ping_status":"open","sticky":false,"template":"","format":"standard","meta":{"footnotes":""},"categories":[16,4],"tags":[],"class_list":["post-20366","post","type-post","status-publish","format-standard","has-post-thumbnail","hentry","category-comunicamos","category-noticias","xfolkentry"],"_links":{"self":[{"href":"https:\/\/www.ambienteyenergia.gob.ec\/ambiente\/wp-json\/wp\/v2\/posts\/20366","targetHints":{"allow":["GET"]}}],"collection":[{"href":"https:\/\/www.ambienteyenergia.gob.ec\/ambiente\/wp-json\/wp\/v2\/posts"}],"about":[{"href":"https:\/\/www.ambienteyenergia.gob.ec\/ambiente\/wp-json\/wp\/v2\/types\/post"}],"author":[{"embeddable":true,"href":"https:\/\/www.ambienteyenergia.gob.ec\/ambiente\/wp-json\/wp\/v2\/users\/13"}],"replies":[{"embeddable":true,"href":"https:\/\/www.ambienteyenergia.gob.ec\/ambiente\/wp-json\/wp\/v2\/comments?post=20366"}],"version-history":[{"count":0,"href":"https:\/\/www.ambienteyenergia.gob.ec\/ambiente\/wp-json\/wp\/v2\/posts\/20366\/revisions"}],"wp:featuredmedia":[{"embeddable":true,"href":"https:\/\/www.ambienteyenergia.gob.ec\/ambiente\/wp-json\/wp\/v2\/media\/20367"}],"wp:attachment":[{"href":"https:\/\/www.ambienteyenergia.gob.ec\/ambiente\/wp-json\/wp\/v2\/media?parent=20366"}],"wp:term":[{"taxonomy":"category","embeddable":true,"href":"https:\/\/www.ambienteyenergia.gob.ec\/ambiente\/wp-json\/wp\/v2\/categories?post=20366"},{"taxonomy":"post_tag","embeddable":true,"href":"https:\/\/www.ambienteyenergia.gob.ec\/ambiente\/wp-json\/wp\/v2\/tags?post=20366"}],"curies":[{"name":"wp","href":"https:\/\/api.w.org\/{rel}","templated":true}]}}