{"id":20362,"date":"2014-05-27T11:46:13","date_gmt":"2014-05-27T16:46:13","guid":{"rendered":"http:\/\/www.ambiente.gob.ec\/?p=20362"},"modified":"2014-05-27T11:46:13","modified_gmt":"2014-05-27T16:46:13","slug":"elaboracion-de-murales-ecologicos","status":"publish","type":"post","link":"https:\/\/www.ambienteyenergia.gob.ec\/ambiente\/elaboracion-de-murales-ecologicos\/","title":{"rendered":"Elaboraci\u00f3n de murales ecol\u00f3gicos"},"content":{"rendered":"<p style=\"text-align: justify;\">El 23 de mayo del 2014, La Direcci\u00f3n Provincial del Ambiente de\u00a0 Imbabura \u00a0los t\u00e9cnicos de la Reserva Ecol\u00f3gica Cotacachi Cayapas del Distrito Pi\u00f1\u00e1n, realiz\u00f3 murales ecol\u00f3gicos, en conmemoraci\u00f3n al celebrarse el d\u00eda mundial del \u00e1rbol,\u00a0 en las paredes de la escuela Fiscal Mixta Abelardo Moran de la comunidad de Pi\u00f1an.<\/p>\n<p style=\"text-align: justify;\">En esta actividad participaron \u00a0los ni\u00f1os de \u00a0quinto, sexto, s\u00e9ptimo \u00a0a\u00f1o de b\u00e1sica, \u00a0los docentes de dicha Escuela, as\u00ed como tambi\u00e9n los padres de familia, el objetivo de esta actividad es fomentar en los ni\u00f1os el cuidado al medio ambiente, y a todo ser vivo.<\/p>\n","protected":false},"excerpt":{"rendered":"<p class=\"excerpt\">El 23 de mayo del 2014, La Direcci\u00f3n Provincial del Ambiente de\u00a0 Imbabura \u00a0los t\u00e9cnicos de la Reserva Ecol\u00f3gica Cotacachi Cayapas del Distrito Pi\u00f1\u00e1n, realiz\u00f3 murales ecol\u00f3gicos, en conmemoraci\u00f3n al celebrarse el d\u00eda mundial del \u00e1rbol,\u00a0 en las paredes de la escuela Fiscal Mixta Abelardo Moran de la comunidad de Pi\u00f1an. En esta actividad participaron \u00a0los ni\u00f1os de \u00a0quinto, sexto,&hellip; <a href=\"https:\/\/www.ambienteyenergia.gob.ec\/ambiente\/elaboracion-de-murales-ecologicos\/\">Read more &rarr;<\/a><\/p>\n","protected":false},"author":13,"featured_media":20363,"comment_status":"open","ping_status":"open","sticky":false,"template":"","format":"standard","meta":{"footnotes":""},"categories":[16,4],"tags":[],"class_list":["post-20362","post","type-post","status-publish","format-standard","has-post-thumbnail","hentry","category-comunicamos","category-noticias","xfolkentry"],"_links":{"self":[{"href":"https:\/\/www.ambienteyenergia.gob.ec\/ambiente\/wp-json\/wp\/v2\/posts\/20362","targetHints":{"allow":["GET"]}}],"collection":[{"href":"https:\/\/www.ambienteyenergia.gob.ec\/ambiente\/wp-json\/wp\/v2\/posts"}],"about":[{"href":"https:\/\/www.ambienteyenergia.gob.ec\/ambiente\/wp-json\/wp\/v2\/types\/post"}],"author":[{"embeddable":true,"href":"https:\/\/www.ambienteyenergia.gob.ec\/ambiente\/wp-json\/wp\/v2\/users\/13"}],"replies":[{"embeddable":true,"href":"https:\/\/www.ambienteyenergia.gob.ec\/ambiente\/wp-json\/wp\/v2\/comments?post=20362"}],"version-history":[{"count":0,"href":"https:\/\/www.ambienteyenergia.gob.ec\/ambiente\/wp-json\/wp\/v2\/posts\/20362\/revisions"}],"wp:featuredmedia":[{"embeddable":true,"href":"https:\/\/www.ambienteyenergia.gob.ec\/ambiente\/wp-json\/wp\/v2\/media\/20363"}],"wp:attachment":[{"href":"https:\/\/www.ambienteyenergia.gob.ec\/ambiente\/wp-json\/wp\/v2\/media?parent=20362"}],"wp:term":[{"taxonomy":"category","embeddable":true,"href":"https:\/\/www.ambienteyenergia.gob.ec\/ambiente\/wp-json\/wp\/v2\/categories?post=20362"},{"taxonomy":"post_tag","embeddable":true,"href":"https:\/\/www.ambienteyenergia.gob.ec\/ambiente\/wp-json\/wp\/v2\/tags?post=20362"}],"curies":[{"name":"wp","href":"https:\/\/api.w.org\/{rel}","templated":true}]}}