{"id":20356,"date":"2014-05-27T08:46:55","date_gmt":"2014-05-27T13:46:55","guid":{"rendered":"http:\/\/www.ambiente.gob.ec\/?p=20356"},"modified":"2014-05-27T08:46:55","modified_gmt":"2014-05-27T13:46:55","slug":"mae-rescata-y-libera-un-tapir-andino-en-la-provincia-del-napo","status":"publish","type":"post","link":"https:\/\/www.ambienteyenergia.gob.ec\/ambiente\/mae-rescata-y-libera-un-tapir-andino-en-la-provincia-del-napo\/","title":{"rendered":"MAE rescata y libera un Tapir Andino en la provincia del Napo"},"content":{"rendered":"<p style=\"text-align: justify;\">El Ministerio del Ambiente (MAE), a trav\u00e9s de la Direcci\u00f3n Provincial del Ambiente del Napo, gracias a la informaci\u00f3n brindada por Jaime Viracucha, Presidente del Gobierno Aut\u00f3nimo Descentralizado Parroquial de Gonzalo D\u00edas de\u00a0 Pineda, logr\u00f3 efectuar el rescate de una hembra de Tapir Andino (Tapirus Pinchaque) que se encontraba cerca del centro poblado de esta parroquia.<\/p>\n<p>Guardaparques del \u00c1rea Protegida del Parque Nacional Cayambe Coca se movilizaron al sector de Bon Bon para poder constatar el estado de salud del esp\u00e9cimen de vida silvestre, localizado en una finca aleda\u00f1a. Durante esta labor se determin\u00f3 que el tapir presentaba se\u00f1ales de heridas, probablemente causadas por el ataque de un oso.<\/p>\n<p>Ante esta situaci\u00f3n, funcionarios del MAE procedieron con la captura del esp\u00e9cimen para tener un diagn\u00f3stico m\u00e1s acertado de su estado de salud, adem\u00e1s de determinar que las heridas presentes se encontraban curadas.<\/p>\n<p>Una vez culminado el an\u00e1lisis veterinario se decidi\u00f3 liberarlo en el bosque del sector de Moradillas en la zona de amortiguamiento del Parque Nacional Sumaco Napo Galeras.<\/p>\n<p>Esta Cartera de Estado, hasta la presente fecha, ha liberado dos espec\u00edmenes de\u00a0 Tapir de monta\u00f1a,\u00a0 el primero fue Leo, cuidado en semicautiverio por m\u00e1s de un a\u00f1o, que fue liberado el pasado mes de diciembre en la Reserva Ecol\u00f3gica Antisana, luego de alcanzar su madurez.<\/p>\n","protected":false},"excerpt":{"rendered":"<p class=\"excerpt\">El Ministerio del Ambiente (MAE), a trav\u00e9s de la Direcci\u00f3n Provincial del Ambiente del Napo, gracias a la informaci\u00f3n brindada por Jaime Viracucha, Presidente del Gobierno Aut\u00f3nimo Descentralizado Parroquial de Gonzalo D\u00edas de\u00a0 Pineda, logr\u00f3 efectuar el rescate de una hembra de Tapir Andino (Tapirus Pinchaque) que se encontraba cerca del centro poblado de esta parroquia. Guardaparques del \u00c1rea Protegida&hellip; <a href=\"https:\/\/www.ambienteyenergia.gob.ec\/ambiente\/mae-rescata-y-libera-un-tapir-andino-en-la-provincia-del-napo\/\">Read more &rarr;<\/a><\/p>\n","protected":false},"author":13,"featured_media":20357,"comment_status":"open","ping_status":"open","sticky":false,"template":"","format":"standard","meta":{"footnotes":""},"categories":[16,4],"tags":[],"class_list":["post-20356","post","type-post","status-publish","format-standard","has-post-thumbnail","hentry","category-comunicamos","category-noticias","xfolkentry"],"_links":{"self":[{"href":"https:\/\/www.ambienteyenergia.gob.ec\/ambiente\/wp-json\/wp\/v2\/posts\/20356","targetHints":{"allow":["GET"]}}],"collection":[{"href":"https:\/\/www.ambienteyenergia.gob.ec\/ambiente\/wp-json\/wp\/v2\/posts"}],"about":[{"href":"https:\/\/www.ambienteyenergia.gob.ec\/ambiente\/wp-json\/wp\/v2\/types\/post"}],"author":[{"embeddable":true,"href":"https:\/\/www.ambienteyenergia.gob.ec\/ambiente\/wp-json\/wp\/v2\/users\/13"}],"replies":[{"embeddable":true,"href":"https:\/\/www.ambienteyenergia.gob.ec\/ambiente\/wp-json\/wp\/v2\/comments?post=20356"}],"version-history":[{"count":0,"href":"https:\/\/www.ambienteyenergia.gob.ec\/ambiente\/wp-json\/wp\/v2\/posts\/20356\/revisions"}],"wp:featuredmedia":[{"embeddable":true,"href":"https:\/\/www.ambienteyenergia.gob.ec\/ambiente\/wp-json\/wp\/v2\/media\/20357"}],"wp:attachment":[{"href":"https:\/\/www.ambienteyenergia.gob.ec\/ambiente\/wp-json\/wp\/v2\/media?parent=20356"}],"wp:term":[{"taxonomy":"category","embeddable":true,"href":"https:\/\/www.ambienteyenergia.gob.ec\/ambiente\/wp-json\/wp\/v2\/categories?post=20356"},{"taxonomy":"post_tag","embeddable":true,"href":"https:\/\/www.ambienteyenergia.gob.ec\/ambiente\/wp-json\/wp\/v2\/tags?post=20356"}],"curies":[{"name":"wp","href":"https:\/\/api.w.org\/{rel}","templated":true}]}}