{"id":20353,"date":"2014-05-27T08:43:08","date_gmt":"2014-05-27T13:43:08","guid":{"rendered":"http:\/\/www.ambiente.gob.ec\/?p=20353"},"modified":"2014-05-27T08:43:08","modified_gmt":"2014-05-27T13:43:08","slug":"cancilleres-de-unasur-apadrinan-tortugas-gigantes-en-galapagos","status":"publish","type":"post","link":"https:\/\/www.ambienteyenergia.gob.ec\/ambiente\/cancilleres-de-unasur-apadrinan-tortugas-gigantes-en-galapagos\/","title":{"rendered":"Cancilleres de UNASUR apadrinan tortugas gigantes en Gal\u00e1pagos"},"content":{"rendered":"<p style=\"text-align: justify;\"><em>Los representantes de ocho pa\u00edses se convierten en aliados de la conservaci\u00f3n de las islas.<\/em><\/p>\n<p style=\"text-align: justify;\">Las islas Gal\u00e1pagos fueron el escenario en que se desarroll\u00f3 la reuni\u00f3n ordinaria del Consejo de Ministras y Ministros de Relaciones Exteriores de la Uni\u00f3n de Nacional Suramericanas (UNASUR) el pasado jueves 22 y viernes 23 de mayo.<\/p>\n<p style=\"text-align: justify;\">A esta cita llegaron los representantes de los pa\u00edses miembros de la UNASUR para fortalecer las relaciones entre los Estados miembros y para tratar sobre la universalizaci\u00f3n del Sistema Interamericano de Derechos Humanos, sus relator\u00edas y financiamiento, as\u00ed como para evaluar la posibilidad de cambiar la sede de la Comisi\u00f3n Interamericana de Derechos Humanos.<\/p>\n<p style=\"text-align: justify;\">Hoy, durante el \u00faltimo d\u00eda de su visita, la delegaci\u00f3n de alto nivel visit\u00f3 el Centro de Reproducci\u00f3n y Crianza en Cautiverio de Tortugas Gigantes \u201cFausto Llerena\u201d \u00a0de la Direcci\u00f3n del Parque Nacional Gal\u00e1pagos. Arturo Izurieta, Director de la entidad, fue quien les dio la bienvenida a nombre del Ministerio del Ambiente.<\/p>\n<p style=\"text-align: justify;\">Tras un breve recorrido por los corrales de este centro, los cancilleres \u00a0llegaron al sitio que alberg\u00f3 durante m\u00e1s de 40 a\u00f1os al emblem\u00e1tico Solitario Jorge, \u00fanico ejemplar de la especie de tortugas de la isla Pinta, desaparecido hace dos a\u00f1os dejando un legado a la humanidad sobre el cuidado de la naturaleza.<\/p>\n<p style=\"text-align: justify;\">Este corral fue el escenario para que los cancilleres y delegados de ocho pa\u00edses de la UNASUR se conviertan en los padrinos oficiales de las peque\u00f1as tortugas de la isla Espa\u00f1ola, eclosionadas durante este a\u00f1o en el centro de crianza.<\/p>\n<p style=\"text-align: justify;\">Es as\u00ed que Winston Lackin, Presidente Pro T\u00e9mpore de UNASUR, de Suriname; Eduardo Antonio Zuain, Secretario de Relaciones Exteriores de Argentina; Juan Carlos Alurralde, Vicecanciller de Relaciones Exteriores de Bolivia; Pablo Arriar\u00e1n, Consejero Embajada de Chile, Leonardo Ar\u00edzaga, Viceministro de Relaciones Exteriores e Integraci\u00f3n Pol\u00edticas de Ecuador; Rigoberto Gauto, Viceministro de Relaciones Econ\u00f3micas e Integraci\u00f3n de Paraguay; Ike Desmond Antonius, Coordinador General PPT UNASUR, de Suriname; y Luis Porto, Viceministro de Relaciones Exteriores de Uruguay, fueron designados los padrinos oficiales de las tortugas No. 51, 52, 53, 54, 55, 56, 57 y 58 de la especie Chelonoidis hoodensis de la isla Espa\u00f1ola, respectivamente.<\/p>\n<p style=\"text-align: justify;\">Con esta designaci\u00f3n, los cancilleres y delegados de los diferentes pa\u00edses de la UNASUR asumen un compromiso con el cuidado de la naturaleza y se convierten en aliados de la conservaci\u00f3n de las islas Gal\u00e1pagos.<\/p>\n<p style=\"text-align: justify;\">En horas de la tarde los Ministros y Ministras de Relaciones Exteriores participantes en esta reuni\u00f3n ordinaria, dejar\u00e1n las islas Gal\u00e1pagos conociendo su belleza natural, pero sobre todo evidenciando los esfuerzos que realiza el Estado ecuatoriano por conservarlas en procura del buen vivir de sus habitantes.<\/p>\n","protected":false},"excerpt":{"rendered":"<p class=\"excerpt\">Los representantes de ocho pa\u00edses se convierten en aliados de la conservaci\u00f3n de las islas. Las islas Gal\u00e1pagos fueron el escenario en que se desarroll\u00f3 la reuni\u00f3n ordinaria del Consejo de Ministras y Ministros de Relaciones Exteriores de la Uni\u00f3n de Nacional Suramericanas (UNASUR) el pasado jueves 22 y viernes 23 de mayo. A esta cita llegaron los representantes de&hellip; <a href=\"https:\/\/www.ambienteyenergia.gob.ec\/ambiente\/cancilleres-de-unasur-apadrinan-tortugas-gigantes-en-galapagos\/\">Read more &rarr;<\/a><\/p>\n","protected":false},"author":13,"featured_media":20354,"comment_status":"open","ping_status":"open","sticky":false,"template":"","format":"standard","meta":{"footnotes":""},"categories":[16,4],"tags":[],"class_list":["post-20353","post","type-post","status-publish","format-standard","has-post-thumbnail","hentry","category-comunicamos","category-noticias","xfolkentry"],"_links":{"self":[{"href":"https:\/\/www.ambienteyenergia.gob.ec\/ambiente\/wp-json\/wp\/v2\/posts\/20353","targetHints":{"allow":["GET"]}}],"collection":[{"href":"https:\/\/www.ambienteyenergia.gob.ec\/ambiente\/wp-json\/wp\/v2\/posts"}],"about":[{"href":"https:\/\/www.ambienteyenergia.gob.ec\/ambiente\/wp-json\/wp\/v2\/types\/post"}],"author":[{"embeddable":true,"href":"https:\/\/www.ambienteyenergia.gob.ec\/ambiente\/wp-json\/wp\/v2\/users\/13"}],"replies":[{"embeddable":true,"href":"https:\/\/www.ambienteyenergia.gob.ec\/ambiente\/wp-json\/wp\/v2\/comments?post=20353"}],"version-history":[{"count":0,"href":"https:\/\/www.ambienteyenergia.gob.ec\/ambiente\/wp-json\/wp\/v2\/posts\/20353\/revisions"}],"wp:featuredmedia":[{"embeddable":true,"href":"https:\/\/www.ambienteyenergia.gob.ec\/ambiente\/wp-json\/wp\/v2\/media\/20354"}],"wp:attachment":[{"href":"https:\/\/www.ambienteyenergia.gob.ec\/ambiente\/wp-json\/wp\/v2\/media?parent=20353"}],"wp:term":[{"taxonomy":"category","embeddable":true,"href":"https:\/\/www.ambienteyenergia.gob.ec\/ambiente\/wp-json\/wp\/v2\/categories?post=20353"},{"taxonomy":"post_tag","embeddable":true,"href":"https:\/\/www.ambienteyenergia.gob.ec\/ambiente\/wp-json\/wp\/v2\/tags?post=20353"}],"curies":[{"name":"wp","href":"https:\/\/api.w.org\/{rel}","templated":true}]}}