{"id":20350,"date":"2014-05-27T08:32:24","date_gmt":"2014-05-27T13:32:24","guid":{"rendered":"http:\/\/www.ambiente.gob.ec\/?p=20350"},"modified":"2014-06-02T16:58:15","modified_gmt":"2014-06-02T21:58:15","slug":"mae-realizo-operativos-de-control-en-la-feria-kichwa-del-coca-en-orellana","status":"publish","type":"post","link":"https:\/\/www.ambienteyenergia.gob.ec\/ambiente\/mae-realizo-operativos-de-control-en-la-feria-kichwa-del-coca-en-orellana\/","title":{"rendered":"MAE realiz\u00f3 operativos de control en la feria Kichwa del Coca en Orellana"},"content":{"rendered":"<p style=\"text-align: justify;\">El Ministerio del Ambiente de Ecuador (MAE), a trav\u00e9s de la Direcci\u00f3n Provincial de Orellana, en coordinaci\u00f3n con Guardaparques de Parque Nacional Yasun\u00ed y personal de la Unidad de Protecci\u00f3n del Medio Ambiente (UPMA) de la Polic\u00eda Nacional, realiz\u00f3 un Operativo de Control de Vida Silvestre en la feria Kichwa del Coca.<\/p>\n<p>La Unidad de Vida Silvestre tiene contemplado dentro de sus actividades efectuar operativos de control de tr\u00e1fico y venta de vida silvestre, y materiales constitutivos, con el objetivo de minimizar el impacto de esta problem\u00e1tica dentro de la provincia.<\/p>\n<p>En la ciudad de Francisco de Orellana, durante algunos a\u00f1os, se desarrolla la feria de nacionalidades ind\u00edgenas, donde las comunidades Kichwa, Shuar y Waorani venden productos tradicionales de la zona, lo que ha generado el inter\u00e9s de la ciudadan\u00eda y visitantes para adquirir productos provenientes de flora y fauna silvestre, que en la actualidad posee gran demanda.<\/p>\n<p>Debido a la preocupaci\u00f3n de la autoridad ambiental y gracias a las denuncias de la\u00a0 ciudadan\u00eda por medio de redes sociales, funcionarios de esta Cartera de Estado, con apoyo de personal policial, acudieron al lugar donde se desarrollaba la feria, para proceder al decomiso de material constitutivo encontrado a la venta del p\u00fablico, entre los que se encontr\u00f3 en su mayor\u00eda manteca de:<\/p>\n<p>\u2022\u00a0\u00a0 \u00a0Iguana<br \/>\n\u2022\u00a0\u00a0 \u00a0Boa (Boa constrictor)<br \/>\n\u2022\u00a0\u00a0 \u00a0Venado (Mazama americana)<br \/>\n\u2022\u00a0\u00a0 \u00a0Tapir o Danta (Tapirus terrestris)<br \/>\n\u2022\u00a0\u00a0 \u00a0Caiman<br \/>\n\u2022\u00a0\u00a0 \u00a0Armadillo (Dasypus novemcintus)<br \/>\n\u2022\u00a0\u00a0 \u00a0Pava de monte<br \/>\n\u2022\u00a0\u00a0 \u00a0Jaguar (Panthera onca)<br \/>\n\u2022\u00a0\u00a0 \u00a0 Raya<\/p>\n<p>Para evitar la comercializaci\u00f3n de estos productos, t\u00e9cnicos del \u00e1rea de Vida Silvestre, personal de la Jefatura del PNY y UPMA, realizan operativos permanentes en los puntos claves dentro de la ciudad donde se realiza la venta y tr\u00e1fico de vida silvestre.<\/p>\n","protected":false},"excerpt":{"rendered":"<p class=\"excerpt\">El Ministerio del Ambiente de Ecuador (MAE), a trav\u00e9s de la Direcci\u00f3n Provincial de Orellana, en coordinaci\u00f3n con Guardaparques de Parque Nacional Yasun\u00ed y personal de la Unidad de Protecci\u00f3n del Medio Ambiente (UPMA) de la Polic\u00eda Nacional, realiz\u00f3 un Operativo de Control de Vida Silvestre en la feria Kichwa del Coca. La Unidad de Vida Silvestre tiene contemplado dentro&hellip; <a href=\"https:\/\/www.ambienteyenergia.gob.ec\/ambiente\/mae-realizo-operativos-de-control-en-la-feria-kichwa-del-coca-en-orellana\/\">Read more &rarr;<\/a><\/p>\n","protected":false},"author":13,"featured_media":20351,"comment_status":"open","ping_status":"open","sticky":false,"template":"","format":"standard","meta":{"footnotes":""},"categories":[16,4],"tags":[],"class_list":["post-20350","post","type-post","status-publish","format-standard","has-post-thumbnail","hentry","category-comunicamos","category-noticias","xfolkentry"],"_links":{"self":[{"href":"https:\/\/www.ambienteyenergia.gob.ec\/ambiente\/wp-json\/wp\/v2\/posts\/20350","targetHints":{"allow":["GET"]}}],"collection":[{"href":"https:\/\/www.ambienteyenergia.gob.ec\/ambiente\/wp-json\/wp\/v2\/posts"}],"about":[{"href":"https:\/\/www.ambienteyenergia.gob.ec\/ambiente\/wp-json\/wp\/v2\/types\/post"}],"author":[{"embeddable":true,"href":"https:\/\/www.ambienteyenergia.gob.ec\/ambiente\/wp-json\/wp\/v2\/users\/13"}],"replies":[{"embeddable":true,"href":"https:\/\/www.ambienteyenergia.gob.ec\/ambiente\/wp-json\/wp\/v2\/comments?post=20350"}],"version-history":[{"count":0,"href":"https:\/\/www.ambienteyenergia.gob.ec\/ambiente\/wp-json\/wp\/v2\/posts\/20350\/revisions"}],"wp:featuredmedia":[{"embeddable":true,"href":"https:\/\/www.ambienteyenergia.gob.ec\/ambiente\/wp-json\/wp\/v2\/media\/20351"}],"wp:attachment":[{"href":"https:\/\/www.ambienteyenergia.gob.ec\/ambiente\/wp-json\/wp\/v2\/media?parent=20350"}],"wp:term":[{"taxonomy":"category","embeddable":true,"href":"https:\/\/www.ambienteyenergia.gob.ec\/ambiente\/wp-json\/wp\/v2\/categories?post=20350"},{"taxonomy":"post_tag","embeddable":true,"href":"https:\/\/www.ambienteyenergia.gob.ec\/ambiente\/wp-json\/wp\/v2\/tags?post=20350"}],"curies":[{"name":"wp","href":"https:\/\/api.w.org\/{rel}","templated":true}]}}