{"id":20347,"date":"2014-05-26T19:18:10","date_gmt":"2014-05-27T00:18:10","guid":{"rendered":"http:\/\/www.ambiente.gob.ec\/?p=20347"},"modified":"2014-05-26T19:18:10","modified_gmt":"2014-05-27T00:18:10","slug":"accidente-de-barcaza-en-san-cristobal-no-esta-relacionado-con-galapaface-i","status":"publish","type":"post","link":"https:\/\/www.ambienteyenergia.gob.ec\/ambiente\/accidente-de-barcaza-en-san-cristobal-no-esta-relacionado-con-galapaface-i\/","title":{"rendered":"Accidente de barcaza en San Crist\u00f3bal no est\u00e1 relacionado con Galapaface I"},"content":{"rendered":"<p style=\"text-align: justify;\">Este lunes, en el muelle de pesca y carga de la isla San Crist\u00f3bal, una gr\u00faa m\u00f3vil que ayudaba en el desembarque de cemento, sufri\u00f3 un accidente que la desestabiliz\u00f3 y cay\u00f3 sobre una barcaza que estaba junto al muelle.<\/p>\n<p style=\"text-align: justify;\">Afortunadamente, el accidente no registr\u00f3 p\u00e9rdidas humanas y la r\u00e1pida acci\u00f3n de las autoridades contribuy\u00f3 a sostener la gr\u00faa m\u00f3vil antes de que cayeran al mar. Sin embargo, el exceso de peso que tuvo que soportar la barcaza provoc\u00f3 su hundimiento y con ella el de aproximadamente 160 fundas de cemento que conten\u00eda.<\/p>\n<p style=\"text-align: justify;\">El Ministerio del Ambiente, a trav\u00e9s de la Direcci\u00f3n del Parque Nacional Gal\u00e1pagos, acudi\u00f3 inmediatamente para dar asistencia a las personas que se encontraban en el agua y para colocar la barrera de contenci\u00f3n de hidrocarburos y pa\u00f1os absorventes, ante la posibilidad de un vertido de gasolina al mar, adicionalmente, los buzos de la DPNG dieron soporte desde el fondo marino para el retiro de los escombros y maniobras para el posible reflote de la barcaza hundida.<\/p>\n<p style=\"text-align: justify;\">El accidente de la gr\u00faa y la barcaza no est\u00e1n relacionado con las acciones de salvataje que ejecuta la empresa contratada para el reflotamiento y posterior retiro del buque de carga Galapaface I, encallado desde el 9 de mayo, en el mismo puerto.<\/p>\n","protected":false},"excerpt":{"rendered":"<p class=\"excerpt\">Este lunes, en el muelle de pesca y carga de la isla San Crist\u00f3bal, una gr\u00faa m\u00f3vil que ayudaba en el desembarque de cemento, sufri\u00f3 un accidente que la desestabiliz\u00f3 y cay\u00f3 sobre una barcaza que estaba junto al muelle. Afortunadamente, el accidente no registr\u00f3 p\u00e9rdidas humanas y la r\u00e1pida acci\u00f3n de las autoridades contribuy\u00f3 a sostener la gr\u00faa m\u00f3vil&hellip; <a href=\"https:\/\/www.ambienteyenergia.gob.ec\/ambiente\/accidente-de-barcaza-en-san-cristobal-no-esta-relacionado-con-galapaface-i\/\">Read more &rarr;<\/a><\/p>\n","protected":false},"author":13,"featured_media":19936,"comment_status":"open","ping_status":"open","sticky":false,"template":"","format":"standard","meta":{"footnotes":""},"categories":[16,4],"tags":[108,53,347],"class_list":["post-20347","post","type-post","status-publish","format-standard","has-post-thumbnail","hentry","category-comunicamos","category-noticias","tag-lorena-tapia","tag-mae","tag-parque-nacional-galapagos","xfolkentry"],"_links":{"self":[{"href":"https:\/\/www.ambienteyenergia.gob.ec\/ambiente\/wp-json\/wp\/v2\/posts\/20347","targetHints":{"allow":["GET"]}}],"collection":[{"href":"https:\/\/www.ambienteyenergia.gob.ec\/ambiente\/wp-json\/wp\/v2\/posts"}],"about":[{"href":"https:\/\/www.ambienteyenergia.gob.ec\/ambiente\/wp-json\/wp\/v2\/types\/post"}],"author":[{"embeddable":true,"href":"https:\/\/www.ambienteyenergia.gob.ec\/ambiente\/wp-json\/wp\/v2\/users\/13"}],"replies":[{"embeddable":true,"href":"https:\/\/www.ambienteyenergia.gob.ec\/ambiente\/wp-json\/wp\/v2\/comments?post=20347"}],"version-history":[{"count":0,"href":"https:\/\/www.ambienteyenergia.gob.ec\/ambiente\/wp-json\/wp\/v2\/posts\/20347\/revisions"}],"wp:featuredmedia":[{"embeddable":true,"href":"https:\/\/www.ambienteyenergia.gob.ec\/ambiente\/wp-json\/wp\/v2\/media\/19936"}],"wp:attachment":[{"href":"https:\/\/www.ambienteyenergia.gob.ec\/ambiente\/wp-json\/wp\/v2\/media?parent=20347"}],"wp:term":[{"taxonomy":"category","embeddable":true,"href":"https:\/\/www.ambienteyenergia.gob.ec\/ambiente\/wp-json\/wp\/v2\/categories?post=20347"},{"taxonomy":"post_tag","embeddable":true,"href":"https:\/\/www.ambienteyenergia.gob.ec\/ambiente\/wp-json\/wp\/v2\/tags?post=20347"}],"curies":[{"name":"wp","href":"https:\/\/api.w.org\/{rel}","templated":true}]}}