{"id":20325,"date":"2014-05-23T19:44:25","date_gmt":"2014-05-24T00:44:25","guid":{"rendered":"http:\/\/www.ambiente.gob.ec\/?p=20325"},"modified":"2014-05-23T19:44:25","modified_gmt":"2014-05-24T00:44:25","slug":"asambleistas-conocieron-el-trabajo-de-fortalecimiento-del-mae-en-el-yasuni","status":"publish","type":"post","link":"https:\/\/www.ambienteyenergia.gob.ec\/ambiente\/asambleistas-conocieron-el-trabajo-de-fortalecimiento-del-mae-en-el-yasuni\/","title":{"rendered":"Asamble\u00edstas conocieron el  trabajo de fortalecimiento del MAE en el Yasun\u00ed"},"content":{"rendered":"<p style=\"text-align: justify;\">Esta ma\u00f1ana la Ministra del Ambiente, Lorena Tapia, acudi\u00f3 a la sesi\u00f3n Nro. 28 de la Comisi\u00f3n de Biodiversidad de la Asamblea Nacional, convocada con el objetivo de dar seguimiento al cumplimiento de la Declaratoria de Inter\u00e9s Nacional para la explotaci\u00f3n petrolera de los bloques 31 y 43, en el Parque Nacional Yasun\u00ed.<\/p>\n<p style=\"text-align: justify;\">A la reuni\u00f3n tambi\u00e9n acudieron los ministros de Sectores Estrat\u00e9gicos, Recursos Naturales No Renovables y Justicia, as\u00ed como las m\u00e1ximas autoridades de la Secretar\u00eda de Hidrocarburos y de Petroamazonas.<\/p>\n<p style=\"text-align: justify;\">La convocatoria de la Comisi\u00f3n de Biodiversidad, presidida por el Asamble\u00edsta Carlos Viteri, tuvo como objetivo conocer los avances de las diferentes entidades en el primer semestre transcurrido despu\u00e9s de la Declaratoria y aclarar algunas dudas alrededor de los informes entregados por las Carteras de Estado semanas atr\u00e1s.<\/p>\n<p style=\"text-align: justify;\">Durante su disertaci\u00f3n, la Ministra Tapia explic\u00f3 las actividades realizadas por el MAE en el \u00e1rea protegida m\u00e1s grande del Ecuador continental. Esto incluye: la creaci\u00f3n del Comit\u00e9 interno MAE-PNY, el proceso de implementaci\u00f3n de un sistema de monitoreo de la calidad ambiental y del patrimonio natural, la emisi\u00f3n de licencias y los proyectos emblem\u00e1ticos de investigaci\u00f3n emprendidos por el MAE que permiten conocer el estado de los recursos as\u00ed como las amenazas del Parque. Parte de las acciones propuestas desde el Ministerio del Ambiente (MAE) en el mediano y largo plazo ser\u00e1n financiadas con el dinero proveniente de un fideicomiso de USD 6 millones.<\/p>\n<p style=\"text-align: justify;\">Durante la jornada, que dur\u00f3 aproximadamente tres horas, los asamble\u00edstas tuvieron la posibilidad de consultar y sugerir a los ministerios algunas acciones, enmarcadas en el \u00e1mbito de sus competencias.<\/p>\n<p style=\"text-align: justify;\">La Asamble\u00edsta Liliana Guzm\u00e1n salud\u00f3 la creaci\u00f3n de la Web Yasun\u00ed Transparente, implementada por el MAE, como un mecanismo de veedur\u00eda ciudadana y solicit\u00f3 la creaci\u00f3n de veedur\u00edas directas. A lo que la Ministra Tapia respondi\u00f3 que est\u00e1 previsto implementar veedur\u00edas de expertos de universidades extranjeras para que validen el trabajo t\u00e9cnico de monitoreo que implementa y fortalece el MAE en el \u00e1rea protegida. \u201cQueremos hacer del Yasun\u00ed un referente de monitoreo y conservaci\u00f3n\u201d.<\/p>\n<p style=\"text-align: justify;\">Frente a la preocupaci\u00f3n del Asamble\u00edsta Alberto Zambrano con la necesidad de monitorear los r\u00edos de la zona, por una posible afectaci\u00f3n de la calidad del agua durante la fase de desarrollo y producci\u00f3n hidrocarbur\u00edfera, la Ministra Tapia respondi\u00f3 que los r\u00edos ser\u00e1n monitoreados y se\u00f1al\u00f3 que pr\u00f3ximamente se implementar\u00e1 el plan nacional que permitir\u00e1 aplicar procesos de saneamiento en los afluentes afectados por descargas dom\u00e9sticas en la Amazon\u00eda.<\/p>\n<p style=\"text-align: justify;\">De esta manera, el Ministerio del Ambiente cumpli\u00f3 con el ejercicio democr\u00e1tico de transparentar las acciones relacionadas con el trabajo de prevenci\u00f3n, control y vigilancia en el Parque Nacional Yasun\u00ed.<\/p>\n<p>&nbsp;<\/p>\n","protected":false},"excerpt":{"rendered":"<p class=\"excerpt\">Esta ma\u00f1ana la Ministra del Ambiente, Lorena Tapia, acudi\u00f3 a la sesi\u00f3n Nro. 28 de la Comisi\u00f3n de Biodiversidad de la Asamblea Nacional, convocada con el objetivo de dar seguimiento al cumplimiento de la Declaratoria de Inter\u00e9s Nacional para la explotaci\u00f3n petrolera de los bloques 31 y 43, en el Parque Nacional Yasun\u00ed. A la reuni\u00f3n tambi\u00e9n acudieron los ministros&hellip; <a href=\"https:\/\/www.ambienteyenergia.gob.ec\/ambiente\/asambleistas-conocieron-el-trabajo-de-fortalecimiento-del-mae-en-el-yasuni\/\">Read more &rarr;<\/a><\/p>\n","protected":false},"author":13,"featured_media":20326,"comment_status":"open","ping_status":"open","sticky":false,"template":"","format":"standard","meta":{"footnotes":""},"categories":[16,4],"tags":[387],"class_list":["post-20325","post","type-post","status-publish","format-standard","has-post-thumbnail","hentry","category-comunicamos","category-noticias","tag-mae-lorena-tapia","xfolkentry"],"_links":{"self":[{"href":"https:\/\/www.ambienteyenergia.gob.ec\/ambiente\/wp-json\/wp\/v2\/posts\/20325","targetHints":{"allow":["GET"]}}],"collection":[{"href":"https:\/\/www.ambienteyenergia.gob.ec\/ambiente\/wp-json\/wp\/v2\/posts"}],"about":[{"href":"https:\/\/www.ambienteyenergia.gob.ec\/ambiente\/wp-json\/wp\/v2\/types\/post"}],"author":[{"embeddable":true,"href":"https:\/\/www.ambienteyenergia.gob.ec\/ambiente\/wp-json\/wp\/v2\/users\/13"}],"replies":[{"embeddable":true,"href":"https:\/\/www.ambienteyenergia.gob.ec\/ambiente\/wp-json\/wp\/v2\/comments?post=20325"}],"version-history":[{"count":0,"href":"https:\/\/www.ambienteyenergia.gob.ec\/ambiente\/wp-json\/wp\/v2\/posts\/20325\/revisions"}],"wp:featuredmedia":[{"embeddable":true,"href":"https:\/\/www.ambienteyenergia.gob.ec\/ambiente\/wp-json\/wp\/v2\/media\/20326"}],"wp:attachment":[{"href":"https:\/\/www.ambienteyenergia.gob.ec\/ambiente\/wp-json\/wp\/v2\/media?parent=20325"}],"wp:term":[{"taxonomy":"category","embeddable":true,"href":"https:\/\/www.ambienteyenergia.gob.ec\/ambiente\/wp-json\/wp\/v2\/categories?post=20325"},{"taxonomy":"post_tag","embeddable":true,"href":"https:\/\/www.ambienteyenergia.gob.ec\/ambiente\/wp-json\/wp\/v2\/tags?post=20325"}],"curies":[{"name":"wp","href":"https:\/\/api.w.org\/{rel}","templated":true}]}}