{"id":20321,"date":"2014-05-23T16:51:39","date_gmt":"2014-05-23T21:51:39","guid":{"rendered":"http:\/\/www.ambiente.gob.ec\/?p=20321"},"modified":"2014-05-23T16:51:39","modified_gmt":"2014-05-23T21:51:39","slug":"mae-y-pma-visitan-parroquia-donde-se-implementara-medida-adaptacion-al-cambio-climatico-con-enfasis-en-seguridad-alimentaria","status":"publish","type":"post","link":"https:\/\/www.ambienteyenergia.gob.ec\/ambiente\/mae-y-pma-visitan-parroquia-donde-se-implementara-medida-adaptacion-al-cambio-climatico-con-enfasis-en-seguridad-alimentaria\/","title":{"rendered":"MAE y PMA visitan parroquia donde se implementar\u00e1 medida adaptaci\u00f3n al cambio clim\u00e1tico con \u00e9nfasis en seguridad alimentaria"},"content":{"rendered":"<p style=\"text-align: justify;\">El Ministerio del Ambiente (MAE), a trav\u00e9s de la Subsecretar\u00eda de Cambio Clim\u00e1tico y el proyecto \u201cFortalecimiento de la Resiliencia de las Comunidades frente a los Efectos Adversos del Cambio Clim\u00e1tico con \u00e9nfasis en Seguridad Alimentaria\u201d (FORECCSA), buscan mejorar la capacidad de adaptaci\u00f3n de las comunidades frente a los efectos adversos del cambio clim\u00e1tico. El Proyecto cuenta con financiamiento del Fondo de Adaptaci\u00f3n y se implementa en alianza con el Programa Mundial de Alimentos de Naciones Unidas (PMA), Ministerio de Agricultura, Ganader\u00eda, Acuacultura y Pesca (MAGAP), FORECCSA, el Consorcio de la cuenca del Jubones y el Gobierno de la provincia de Pichincha. Este trabajo contempla a 39 parroquias de la cuenca del r\u00edo Jubones y 11 de la provincia de Pichincha.<\/p>\n<p style=\"text-align: justify;\">\nEn d\u00edas pasados, Deborah Hines, representante del PMA en Ecuador junto a Raphael Chuinard, Director Adjunto, y Tania Ter\u00e1n en delegaci\u00f3n de la Directora Nacional de Adaptaci\u00f3n,visitaron la parroquia San Gerardo con personal del MAE, del Consorcio P\u00fablico de la cuenca del R\u00edo Jubones \u2013 socio ejecutor local &#8211; y del proyecto FORECCSA.<\/p>\n<p style=\"text-align: justify;\">\nLa parroquia San Gerardo del cant\u00f3n Gir\u00f3n en Azuay implementar\u00e1 la primera medida de adaptaci\u00f3n al cambio clim\u00e1tico con \u00e9nfasis en seguridad alimentaria. Hines se\u00f1al\u00f3 que los planes territoriales son una herramienta muy \u00fatil para la l\u00ednea de base del proyecto.<\/p>\n<p style=\"text-align: justify;\">\nEn esta parroquia, la intervenci\u00f3n busca trabajar con las comunidades y familias m\u00e1s vulnerables a la sequ\u00eda para mejorar la capacidad de retenci\u00f3n de agua en el suelo y el manejo del ecosistema p\u00e1ramo y bosque andino. La medida beneficiar\u00e1 a 210 familias pertenecientes a las comunidades de Santa Ana, Besti\u00f3n, Cauquil y San Mart\u00edn Grande.<\/p>\n<p style=\"text-align: justify;\">\nAdem\u00e1s de dar gran importancia al an\u00e1lisis de los factores que convierten a una determinada zona en un \u00e1rea vulnerable a los efectos del cambio clim\u00e1tico. El diagn\u00f3stico se hace con participaci\u00f3n de los habitantes, quienes aportan con su experiencia y conocimiento.<\/p>\n<p style=\"text-align: justify;\">\nTras un an\u00e1lisis de vulnerabilidad realizado conjuntamente con los moradores de San Gerardo, se determin\u00f3 que estas comunidades presentan el m\u00e1s alto riesgo de sequ\u00edas que afectan directamente la disponibilidad de alimentos en cultivos de auto-consumo como papa, arveja y melloco.<\/p>\n<p style=\"text-align: justify;\">\nSe trabajar\u00e1 tambi\u00e9n en el establecimiento de acuerdos voluntarios de conservaci\u00f3n de 150 hect\u00e1reas de p\u00e1ramo y bosque, ecosistemas que benefician a 85 familias del sector con su servicio constante de regulaci\u00f3n de agua.<\/p>\n<p style=\"text-align: justify;\">\nLa visita del PMA y dem\u00e1s funcionarios nacionales y locales, incluy\u00f3 una reuni\u00f3n de trabajo con los miembros del GAD parroquial, liderados por su presidente, V\u00edctor Barreto, y un recorrido a la comunidad San Mart\u00edn Grande.<\/p>\n<p style=\"text-align: justify;\">\nLa implementaci\u00f3n de medidas por parte del proyecto FORECCSA en la zona est\u00e1 previsto para junio del presente a\u00f1o.<\/p>\n","protected":false},"excerpt":{"rendered":"<p class=\"excerpt\">El Ministerio del Ambiente (MAE), a trav\u00e9s de la Subsecretar\u00eda de Cambio Clim\u00e1tico y el proyecto \u201cFortalecimiento de la Resiliencia de las Comunidades frente a los Efectos Adversos del Cambio Clim\u00e1tico con \u00e9nfasis en Seguridad Alimentaria\u201d (FORECCSA), buscan mejorar la capacidad de adaptaci\u00f3n de las comunidades frente a los efectos adversos del cambio clim\u00e1tico. El Proyecto cuenta con financiamiento del&hellip; <a href=\"https:\/\/www.ambienteyenergia.gob.ec\/ambiente\/mae-y-pma-visitan-parroquia-donde-se-implementara-medida-adaptacion-al-cambio-climatico-con-enfasis-en-seguridad-alimentaria\/\">Read more &rarr;<\/a><\/p>\n","protected":false},"author":13,"featured_media":20322,"comment_status":"open","ping_status":"open","sticky":false,"template":"","format":"standard","meta":{"footnotes":""},"categories":[16,4],"tags":[],"class_list":["post-20321","post","type-post","status-publish","format-standard","has-post-thumbnail","hentry","category-comunicamos","category-noticias","xfolkentry"],"_links":{"self":[{"href":"https:\/\/www.ambienteyenergia.gob.ec\/ambiente\/wp-json\/wp\/v2\/posts\/20321","targetHints":{"allow":["GET"]}}],"collection":[{"href":"https:\/\/www.ambienteyenergia.gob.ec\/ambiente\/wp-json\/wp\/v2\/posts"}],"about":[{"href":"https:\/\/www.ambienteyenergia.gob.ec\/ambiente\/wp-json\/wp\/v2\/types\/post"}],"author":[{"embeddable":true,"href":"https:\/\/www.ambienteyenergia.gob.ec\/ambiente\/wp-json\/wp\/v2\/users\/13"}],"replies":[{"embeddable":true,"href":"https:\/\/www.ambienteyenergia.gob.ec\/ambiente\/wp-json\/wp\/v2\/comments?post=20321"}],"version-history":[{"count":0,"href":"https:\/\/www.ambienteyenergia.gob.ec\/ambiente\/wp-json\/wp\/v2\/posts\/20321\/revisions"}],"wp:featuredmedia":[{"embeddable":true,"href":"https:\/\/www.ambienteyenergia.gob.ec\/ambiente\/wp-json\/wp\/v2\/media\/20322"}],"wp:attachment":[{"href":"https:\/\/www.ambienteyenergia.gob.ec\/ambiente\/wp-json\/wp\/v2\/media?parent=20321"}],"wp:term":[{"taxonomy":"category","embeddable":true,"href":"https:\/\/www.ambienteyenergia.gob.ec\/ambiente\/wp-json\/wp\/v2\/categories?post=20321"},{"taxonomy":"post_tag","embeddable":true,"href":"https:\/\/www.ambienteyenergia.gob.ec\/ambiente\/wp-json\/wp\/v2\/tags?post=20321"}],"curies":[{"name":"wp","href":"https:\/\/api.w.org\/{rel}","templated":true}]}}