{"id":20312,"date":"2014-05-23T14:49:13","date_gmt":"2014-05-23T19:49:13","guid":{"rendered":"http:\/\/www.ambiente.gob.ec\/?p=20312"},"modified":"2014-05-23T14:49:13","modified_gmt":"2014-05-23T19:49:13","slug":"mae-pichincha-planto-11-500-arboles-a-los-8-cantones-de-la-provincia-en-la-campana-sembremos-conciencia-en-el-dia-del-arbol","status":"publish","type":"post","link":"https:\/\/www.ambienteyenergia.gob.ec\/ambiente\/mae-pichincha-planto-11-500-arboles-a-los-8-cantones-de-la-provincia-en-la-campana-sembremos-conciencia-en-el-dia-del-arbol\/","title":{"rendered":"MAE Pichincha plant\u00f3 11 500 \u00e1rboles a los 8 cantones de la provincia en la Campa\u00f1a Sembremos Conciencia en el D\u00eda del \u00c1rbol"},"content":{"rendered":"<p style=\"text-align: justify;\">El D\u00eda del \u00c1rbol es una fecha ideal para realizar acciones que permitan concienciar a la poblaci\u00f3n sobre los beneficios ecosist\u00e9micos que presentan los bosques. Entre sus m\u00faltiples beneficios est\u00e1n la regulaci\u00f3n del ciclo de agua y el clima; producci\u00f3n de ox\u00edgeno y absorci\u00f3n de di\u00f3xido de carbono; control de inundaciones y erosi\u00f3n del suelo y el aprovisionamiento de alimentos, entre otros bienes y servicios.<\/p>\n<p>En este contexto el Ministerio del Ambiente, a trav\u00e9s de la Direcci\u00f3n Provincial de Ambiente de Pichincha realiz\u00f3 una jornada de reforestaci\u00f3n simult\u00e1nea en ocho cantones de la provincia, en el cual se sembraron 11 500 plantas de especies nativas, con la participaci\u00f3n de autoridades locales y 32 instituciones educativas.<\/p>\n<p>Santiago Tapia, en representaci\u00f3n de la M\u00e1xima Autoridad Ambiental, Lorena Tapia, asegur\u00f3 que : \u201ces alentador mirar los esfuerzos y vinculaci\u00f3n de los GAD cantonales a estas iniciativas impulsadas por el MAE, a trav\u00e9s de sus planes de ordenamiento territorial e iniciativas novedosas en relaci\u00f3n a la conservaci\u00f3n de los recursos naturales, la conservaci\u00f3n de la biodiversidad, la protecci\u00f3n de las cuencas h\u00eddricas y otros servicios ecosist\u00e9micos, que en muchos de los casos han sido concebidas como pol\u00edticas institucionales, que se fomentan a trav\u00e9s de ordenanzas u otros instrumentos jur\u00eddicos\u201d.<\/p>\n<p>El Ecuador concentra una diversidad de especies animales y vegetales que supera a muchos pa\u00edses en los tr\u00f3picos y a todos los pa\u00edses de las zonas templadas. Lamentablemente, estos ecosistemas est\u00e1n propensos a varias amenazas entre las que constan la deforestaci\u00f3n, la transformaci\u00f3n del uso de suelo, la expansi\u00f3n de la frontera agr\u00edcola y \u00e1reas pobladas.<\/p>\n<p>\u201cActualmente, gracias a la voluntad pol\u00edtica del Gobierno Nacional y de la Ministra del Ambiente, se trabaja en la conservaci\u00f3n y preservaci\u00f3n de estos ecosistemas con el fin de mejorar las condiciones ambientales y sociales del pa\u00eds\u201d, enfatiz\u00f3 Santiago Tapia.<\/p>\n<p><strong>Resultados:<\/strong><\/p>\n<p><strong>Sembremos Conciencia en Cayambe<\/strong><\/p>\n<p>Durante el acto inaugural, que se llev\u00f3 a cabo en le cant\u00f3n Cayambe, participaron estudiantes de cinco unidades educativas, junto con el Director Provincial del Ambiente de Pichinca, Santiago Tapia; el Alcalde Guillermo Churuchumbi; delegados de la Polic\u00eda Nacional, Minsiterio de Relaciones Laborales, j\u00f3venes del Servicio Civil Ciudadano, funcionarios de la Direcci\u00f3n de Gesti\u00f3n Ambiental de Cayambe y de empresas privadas que colaboraron en la jornada de reforestaci\u00f3n.<\/p>\n<p>Adem\u00e1s 3 ni\u00f1os de las escuelas 9 de Julio, Crespo Toral y Himmelmann realizaron una declamaci\u00f3n en el marco del D\u00eda del \u00c1rbol.<\/p>\n<p>En total se sembraron 1 500 \u00e1rboles en el parque p\u00fablico Yaznan durante todo el d\u00eda, cumpliendo as\u00ed la meta planteada en este Cant\u00f3n.<\/p>\n<p><strong>Sembremos Conciencia en Pedro Moncayo<\/strong><\/p>\n<p>Se sembraron alrededor de 1 500 \u00e1rboles nativos en la ciudad de Tabacundo con la participaci\u00f3n de estudiantes de las escuelas del sector y del Alcalde Frank Gualsaqui.<\/p>\n<p><strong>Sembremos Conciencia en Mej\u00eda<\/strong><\/p>\n<p>En la ciudad de Machachi estudiantes de escuelas y colegios participaron en la reforestaci\u00f3n de 1 200\u00a0 \u00e1rboles con apoyo de los funcionarios de esta Cartera de Estado.<\/p>\n<p><strong>Sembremos Conciencia en Quito<\/strong><\/p>\n<p>Con carpas ubicadas en el Bulevar de las Naciones Unidad y el Centro Comercial El Recreo, se distribuyeron 3 300 \u00e1rboles a estudiantes de diferentes instituciones educativas y ciudadanos que se sumaron a esta campa\u00f1a de conservaci\u00f3n forestal.<\/p>\n<p><strong>Sembremos Conciencia en Sangolqu\u00ed, Puerto Quito, San Miguel de los Bancos y Pedro Vicente Maldonado<\/strong><\/p>\n<p>En estos cuatro cantones se reforestaron 4 000 \u00e1rboles en los lugares asignados para este fin, con la participaci\u00f3n de estudiantes, autoridades y poblaci\u00f3n en general que se vincularon a la red Guardianes del Planeta en el marco de conservaci\u00f3n por el D\u00eda del \u00c1rbol.<\/p>\n<p style=\"text-align: justify;\"><a href=\"http:\/\/www.ambienteyenergia.gob.ec\/ambiente\/wp-content\/uploads\/2014\/05\/6229.jpg\"><img loading=\"lazy\" decoding=\"async\" class=\"aligncenter size-full wp-image-20314\" alt=\"MAE Pichincha plant\u00f3 11 500 \u00e1rboles a los 8 cantones de la provincia en la Campa\u00f1a Sembremos Conciencia en el D\u00eda del \u00c1rbol\" src=\"http:\/\/www.ambienteyenergia.gob.ec\/ambiente\/wp-content\/uploads\/2014\/05\/6229.jpg\" width=\"650\" height=\"433\" srcset=\"https:\/\/www.ambienteyenergia.gob.ec\/ambiente\/wp-content\/uploads\/sites\/2\/2014\/05\/6229.jpg 650w, https:\/\/www.ambienteyenergia.gob.ec\/ambiente\/wp-content\/uploads\/sites\/2\/2014\/05\/6229-300x199.jpg 300w, https:\/\/www.ambienteyenergia.gob.ec\/ambiente\/wp-content\/uploads\/sites\/2\/2014\/05\/6229-450x300.jpg 450w\" sizes=\"auto, (max-width: 650px) 100vw, 650px\" \/><\/a><\/p>\n","protected":false},"excerpt":{"rendered":"<p class=\"excerpt\">El D\u00eda del \u00c1rbol es una fecha ideal para realizar acciones que permitan concienciar a la poblaci\u00f3n sobre los beneficios ecosist\u00e9micos que presentan los bosques. Entre sus m\u00faltiples beneficios est\u00e1n la regulaci\u00f3n del ciclo de agua y el clima; producci\u00f3n de ox\u00edgeno y absorci\u00f3n de di\u00f3xido de carbono; control de inundaciones y erosi\u00f3n del suelo y el aprovisionamiento de alimentos,&hellip; <a href=\"https:\/\/www.ambienteyenergia.gob.ec\/ambiente\/mae-pichincha-planto-11-500-arboles-a-los-8-cantones-de-la-provincia-en-la-campana-sembremos-conciencia-en-el-dia-del-arbol\/\">Read more &rarr;<\/a><\/p>\n","protected":false},"author":13,"featured_media":20313,"comment_status":"open","ping_status":"open","sticky":false,"template":"","format":"standard","meta":{"footnotes":""},"categories":[16,4],"tags":[],"class_list":["post-20312","post","type-post","status-publish","format-standard","has-post-thumbnail","hentry","category-comunicamos","category-noticias","xfolkentry"],"_links":{"self":[{"href":"https:\/\/www.ambienteyenergia.gob.ec\/ambiente\/wp-json\/wp\/v2\/posts\/20312","targetHints":{"allow":["GET"]}}],"collection":[{"href":"https:\/\/www.ambienteyenergia.gob.ec\/ambiente\/wp-json\/wp\/v2\/posts"}],"about":[{"href":"https:\/\/www.ambienteyenergia.gob.ec\/ambiente\/wp-json\/wp\/v2\/types\/post"}],"author":[{"embeddable":true,"href":"https:\/\/www.ambienteyenergia.gob.ec\/ambiente\/wp-json\/wp\/v2\/users\/13"}],"replies":[{"embeddable":true,"href":"https:\/\/www.ambienteyenergia.gob.ec\/ambiente\/wp-json\/wp\/v2\/comments?post=20312"}],"version-history":[{"count":0,"href":"https:\/\/www.ambienteyenergia.gob.ec\/ambiente\/wp-json\/wp\/v2\/posts\/20312\/revisions"}],"wp:featuredmedia":[{"embeddable":true,"href":"https:\/\/www.ambienteyenergia.gob.ec\/ambiente\/wp-json\/wp\/v2\/media\/20313"}],"wp:attachment":[{"href":"https:\/\/www.ambienteyenergia.gob.ec\/ambiente\/wp-json\/wp\/v2\/media?parent=20312"}],"wp:term":[{"taxonomy":"category","embeddable":true,"href":"https:\/\/www.ambienteyenergia.gob.ec\/ambiente\/wp-json\/wp\/v2\/categories?post=20312"},{"taxonomy":"post_tag","embeddable":true,"href":"https:\/\/www.ambienteyenergia.gob.ec\/ambiente\/wp-json\/wp\/v2\/tags?post=20312"}],"curies":[{"name":"wp","href":"https:\/\/api.w.org\/{rel}","templated":true}]}}