{"id":20300,"date":"2014-05-23T12:50:32","date_gmt":"2014-05-23T17:50:32","guid":{"rendered":"http:\/\/www.ambiente.gob.ec\/?p=20300"},"modified":"2014-05-23T15:38:31","modified_gmt":"2014-05-23T20:38:31","slug":"mae-mccth-y-senescyt-conformaron-primer-directorio-del-instituto-de-biodiversidad","status":"publish","type":"post","link":"https:\/\/www.ambienteyenergia.gob.ec\/ambiente\/mae-mccth-y-senescyt-conformaron-primer-directorio-del-instituto-de-biodiversidad\/","title":{"rendered":"MAE,  MCCTH Y SENESCYT conformaron Primer Directorio del Instituto de Biodiversidad"},"content":{"rendered":"<p style=\"text-align: justify;\">En un hecho hist\u00f3rico, hoy, la Ministra del Ambiente, Lorena Tapia presidi\u00f3 el Primer Directorio del Instituto Nacional de Biodiversidad (INB), con el Ministro Coordinador de Conocimiento y Talento Humano, Guillaume Long y la Subsecretaria General de Ciencia, Tecnolog\u00eda e Innovaci\u00f3n, Rina Pazos.<\/p>\n<p style=\"text-align: justify;\">Durante el orden del d\u00eda, se present\u00f3 el contexto general del INB, avances en la implementaci\u00f3n operativa, lineamientos de la agenda de investigaci\u00f3n y el modelo de gesti\u00f3n. De la misma forma, se defini\u00f3 la ruta de trabajo y los siguientes pasos de esta dependencia. Adem\u00e1s, la Ministra Tapia present\u00f3 la designaci\u00f3n del nuevo Director Ejecutivo de la instituci\u00f3n.<\/p>\n<p style=\"text-align: justify;\">En el acto oficial se realiz\u00f3 una s\u00edntesis del INB cuya misi\u00f3n es planificar, promover, coordinar y ejecutar procesos de investigaci\u00f3n relacionados al campo de la biodiversidad, orientados a la conservaci\u00f3n y aprovechamiento sostenible de este recurso estrat\u00e9gico, de acuerdo a las pol\u00edticas ambientales existentes y la normativa legal aplicable.<\/p>\n<p style=\"text-align: justify;\">Asimismo, se ratificaron\u00a0 los objetivos de su creaci\u00f3n que son profundizar el conocimiento de la diversidad biol\u00f3gica, investigar los usos potenciales de la biodiversidad y desarrollar tecnolog\u00edas e innovaciones que permitan la conservaci\u00f3n <i>in situ<\/i> y <i>ex situ<\/i> de la biodiversidad, as\u00ed como asesorar al Estado ecuatoriano en los temas relacionados.<\/p>\n<p style=\"text-align: justify;\">Igualmente, se aprovech\u00f3 la ocasi\u00f3n para presentar a las autoridades los avances operativos del INB, que tienen que ver con la articulaci\u00f3n de personal especializado, estructura funcional y administrativa financiera, as\u00ed como los requerimientos m\u00ednimos.<\/p>\n<p style=\"text-align: justify;\">\u00abEstoy absolutamente convencida de que esta articulaci\u00f3n del alto nivel lograr\u00e1 aportes para el \u00e9xito del Instituto. Este Primer Directorio, marca un momento hist\u00f3rico en la investigaci\u00f3n de la biodiversidad y su aporte en el cambio de la matriz productiva\u00bb, asegur\u00f3 la M\u00e1xima Autoridad Ambiental.<\/p>\n<p style=\"text-align: justify;\">Otro aspecto que se expuso en el Primer Directorio fueron los lineamientos para la agenda de \u00a0investigaci\u00f3n y el modelo de gesti\u00f3n del INB. En este punto se aclar\u00f3 que para la l\u00ednea base de investigaci\u00f3n se recopilar\u00e1 y sistematizar\u00e1 la informaci\u00f3n sobre biodiversidad, se clasificar\u00e1 y organizar\u00e1 las investigaciones y se analizar\u00e1 los resultados, definiendo tendencias y prioridades.<\/p>\n<p style=\"text-align: justify;\">El Instituto, adscrito al Ministerio del Ambiente, se encargar\u00e1 de generar el conocimiento y desarrollar ciencia, tecnolog\u00eda e innovaci\u00f3n que requiere el Estado ecuatoriano para garantizar la conservaci\u00f3n de su patrimonio natural.<\/p>\n<p style=\"text-align: justify;\">La Ministra Tapia asegur\u00f3 que \u201ca trav\u00e9s del Instituto Nacional de Biodiversidad se podr\u00e1 articular y potenciar todas las iniciativas nacionales de investigaci\u00f3n y monitoreo de la biodiversidad y particularmente se enfatiz\u00f3 en la importancia que ha llevado este proceso en la articulaci\u00f3n de las tres carteras de Estado armonizando este hito nacional con los procesos hist\u00f3ricos que lleva a cabo la revoluci\u00f3n ciudadana como son el cambio de matriz productiva y la gesti\u00f3n del conocimiento\u201d.<\/p>\n<p style=\"text-align: justify;\">\n","protected":false},"excerpt":{"rendered":"<p class=\"excerpt\">En un hecho hist\u00f3rico, hoy, la Ministra del Ambiente, Lorena Tapia presidi\u00f3 el Primer Directorio del Instituto Nacional de Biodiversidad (INB), con el Ministro Coordinador de Conocimiento y Talento Humano, Guillaume Long y la Subsecretaria General de Ciencia, Tecnolog\u00eda e Innovaci\u00f3n, Rina Pazos. Durante el orden del d\u00eda, se present\u00f3 el contexto general del INB, avances en la implementaci\u00f3n operativa,&hellip; <a href=\"https:\/\/www.ambienteyenergia.gob.ec\/ambiente\/mae-mccth-y-senescyt-conformaron-primer-directorio-del-instituto-de-biodiversidad\/\">Read more &rarr;<\/a><\/p>\n","protected":false},"author":13,"featured_media":20301,"comment_status":"open","ping_status":"open","sticky":false,"template":"","format":"standard","meta":{"footnotes":""},"categories":[16,4],"tags":[],"class_list":["post-20300","post","type-post","status-publish","format-standard","has-post-thumbnail","hentry","category-comunicamos","category-noticias","xfolkentry"],"_links":{"self":[{"href":"https:\/\/www.ambienteyenergia.gob.ec\/ambiente\/wp-json\/wp\/v2\/posts\/20300","targetHints":{"allow":["GET"]}}],"collection":[{"href":"https:\/\/www.ambienteyenergia.gob.ec\/ambiente\/wp-json\/wp\/v2\/posts"}],"about":[{"href":"https:\/\/www.ambienteyenergia.gob.ec\/ambiente\/wp-json\/wp\/v2\/types\/post"}],"author":[{"embeddable":true,"href":"https:\/\/www.ambienteyenergia.gob.ec\/ambiente\/wp-json\/wp\/v2\/users\/13"}],"replies":[{"embeddable":true,"href":"https:\/\/www.ambienteyenergia.gob.ec\/ambiente\/wp-json\/wp\/v2\/comments?post=20300"}],"version-history":[{"count":0,"href":"https:\/\/www.ambienteyenergia.gob.ec\/ambiente\/wp-json\/wp\/v2\/posts\/20300\/revisions"}],"wp:featuredmedia":[{"embeddable":true,"href":"https:\/\/www.ambienteyenergia.gob.ec\/ambiente\/wp-json\/wp\/v2\/media\/20301"}],"wp:attachment":[{"href":"https:\/\/www.ambienteyenergia.gob.ec\/ambiente\/wp-json\/wp\/v2\/media?parent=20300"}],"wp:term":[{"taxonomy":"category","embeddable":true,"href":"https:\/\/www.ambienteyenergia.gob.ec\/ambiente\/wp-json\/wp\/v2\/categories?post=20300"},{"taxonomy":"post_tag","embeddable":true,"href":"https:\/\/www.ambienteyenergia.gob.ec\/ambiente\/wp-json\/wp\/v2\/tags?post=20300"}],"curies":[{"name":"wp","href":"https:\/\/api.w.org\/{rel}","templated":true}]}}