{"id":20296,"date":"2014-05-23T12:45:59","date_gmt":"2014-05-23T17:45:59","guid":{"rendered":"http:\/\/www.ambiente.gob.ec\/?p=20296"},"modified":"2014-05-23T12:45:59","modified_gmt":"2014-05-23T17:45:59","slug":"98-ninos-con-discapacidad-participaron-en-una-jornada-de-reforestacion-por-el-dia-del-arbol-en-tungurahua","status":"publish","type":"post","link":"https:\/\/www.ambienteyenergia.gob.ec\/ambiente\/98-ninos-con-discapacidad-participaron-en-una-jornada-de-reforestacion-por-el-dia-del-arbol-en-tungurahua\/","title":{"rendered":"98 ni\u00f1os con discapacidad participaron en una jornada de reforestaci\u00f3n por el D\u00eda del \u00c1rbol en Tungurahua"},"content":{"rendered":"<p style=\"text-align: justify;\">Alrededor de 98 ni\u00f1os con discapacidad y de sectores vulnerables de la Fundaci\u00f3n Don Bosco, Casa Hogar Santa Marianita y de la Unidad Educativa especializada Ambato, participaron en una jornada de reforestaci\u00f3n impulsada por el Ministerio del Ambiente (MAE), en la que se sembraron alrededor de 400 plantas en distintos espacios del Parque Industrial en la ciudad de Ambato, destinados a \u00e1reas verdes.<\/p>\n<p style=\"text-align: justify;\">Una ma\u00f1ana llena de sol acompa\u00f1\u00f3 esta actividad de restauraci\u00f3n forestal, que se realiz\u00f3 ayer en conmemoraci\u00f3n al D\u00eda del \u00c1rbol y el D\u00eda internacional de la Diversidad Biol\u00f3gica, que cont\u00f3 tambi\u00e9n con el apoyo de estudiantes de la Escuela Isabel Vascones y voluntarios de la Fundaci\u00f3n J\u00f3venes Para el Futuro. Por su parte, estudiantes de la Universidad T\u00e9cnica de Ambato y del Colegio Atenas apadrinaron a los ni\u00f1os invitados y se encargaron de acompa\u00f1arlos\u00a0 y darles soporte a la hora de efectuar la plantaci\u00f3n.<\/p>\n<p style=\"text-align: justify;\">Para llevar a cabo esta iniciativa, t\u00e9cnicos de la Direcci\u00f3n Provincial del Ambiente Tungurahua dieron los lineamientos para el proceso de siembra. Entre las plantas que se utilizaron est\u00e1n\u00a0 array\u00e1n, chol\u00e1n, guarango, podocarpus y guabilla.<\/p>\n<p style=\"text-align: justify;\">Los ni\u00f1os estaban muy interesados en la actividad, tanto a as\u00ed que se comprometieron a ser guardianes de esos \u00e1rboles, a los que bautizaron con sus nombres.<\/p>\n<p style=\"text-align: justify;\">Al evento tambi\u00e9n asistieron autoridades de la Provincia como Fernanda Naranjo, Vicealcaldesa de Ambato; Maribel Guerrero, Coordinadora Zonal del Ministerio de Educaci\u00f3n; Leonor Holgu\u00edn, Directora de Trabajo del Ministerio de Relaciones Exteriores; y representantes de la Direcci\u00f3n de Gesti\u00f3n Ambiental del GADMA y de la Gobernaci\u00f3n, entre otras.<\/p>\n<p style=\"text-align: justify;\">Para la consecuci\u00f3n del evento fue muy importante el apoyo\u00a0 del sector industrial, empresas ubicadas en el Parque Industrial de Ambato y de la Corporaci\u00f3n de Empresas del Parque Industrial Ambato (CEPIA).<\/p>\n<p style=\"text-align: justify;\">Omar Land\u00e1zuri, Director Provincial del Ambiente de Tungurahua, agradeci\u00f3 a los participantes e inst\u00f3 a despertar inter\u00e9s, amor y respeto por los \u00e1rboles. \u00abQue no sea la \u00fanica vez que se planten \u00e1rboles, el reto es recuperar los ecosistemas interandinos esperando reforestar 5 000 hect\u00e1reas en la provincia\u00bb, asegur\u00f3.<\/p>\n<p style=\"text-align: justify;\">Al finalizar, se plasmaron las huellas de las manos de todos los participantes obteniendo como resultado un mural art\u00edstico. Adicionalmente, se les entreg\u00f3 una medalla de reconocimiento por su compromiso con el ambiente.<\/p>\n<p style=\"text-align: justify;\">\n","protected":false},"excerpt":{"rendered":"<p class=\"excerpt\">Alrededor de 98 ni\u00f1os con discapacidad y de sectores vulnerables de la Fundaci\u00f3n Don Bosco, Casa Hogar Santa Marianita y de la Unidad Educativa especializada Ambato, participaron en una jornada de reforestaci\u00f3n impulsada por el Ministerio del Ambiente (MAE), en la que se sembraron alrededor de 400 plantas en distintos espacios del Parque Industrial en la ciudad de Ambato, destinados&hellip; <a href=\"https:\/\/www.ambienteyenergia.gob.ec\/ambiente\/98-ninos-con-discapacidad-participaron-en-una-jornada-de-reforestacion-por-el-dia-del-arbol-en-tungurahua\/\">Read more &rarr;<\/a><\/p>\n","protected":false},"author":13,"featured_media":20297,"comment_status":"open","ping_status":"open","sticky":false,"template":"","format":"standard","meta":{"footnotes":""},"categories":[16,4],"tags":[],"class_list":["post-20296","post","type-post","status-publish","format-standard","has-post-thumbnail","hentry","category-comunicamos","category-noticias","xfolkentry"],"_links":{"self":[{"href":"https:\/\/www.ambienteyenergia.gob.ec\/ambiente\/wp-json\/wp\/v2\/posts\/20296","targetHints":{"allow":["GET"]}}],"collection":[{"href":"https:\/\/www.ambienteyenergia.gob.ec\/ambiente\/wp-json\/wp\/v2\/posts"}],"about":[{"href":"https:\/\/www.ambienteyenergia.gob.ec\/ambiente\/wp-json\/wp\/v2\/types\/post"}],"author":[{"embeddable":true,"href":"https:\/\/www.ambienteyenergia.gob.ec\/ambiente\/wp-json\/wp\/v2\/users\/13"}],"replies":[{"embeddable":true,"href":"https:\/\/www.ambienteyenergia.gob.ec\/ambiente\/wp-json\/wp\/v2\/comments?post=20296"}],"version-history":[{"count":0,"href":"https:\/\/www.ambienteyenergia.gob.ec\/ambiente\/wp-json\/wp\/v2\/posts\/20296\/revisions"}],"wp:featuredmedia":[{"embeddable":true,"href":"https:\/\/www.ambienteyenergia.gob.ec\/ambiente\/wp-json\/wp\/v2\/media\/20297"}],"wp:attachment":[{"href":"https:\/\/www.ambienteyenergia.gob.ec\/ambiente\/wp-json\/wp\/v2\/media?parent=20296"}],"wp:term":[{"taxonomy":"category","embeddable":true,"href":"https:\/\/www.ambienteyenergia.gob.ec\/ambiente\/wp-json\/wp\/v2\/categories?post=20296"},{"taxonomy":"post_tag","embeddable":true,"href":"https:\/\/www.ambienteyenergia.gob.ec\/ambiente\/wp-json\/wp\/v2\/tags?post=20296"}],"curies":[{"name":"wp","href":"https:\/\/api.w.org\/{rel}","templated":true}]}}