{"id":20291,"date":"2014-05-23T12:19:47","date_gmt":"2014-05-23T17:19:47","guid":{"rendered":"http:\/\/www.ambiente.gob.ec\/?p=20291"},"modified":"2014-05-23T12:21:42","modified_gmt":"2014-05-23T17:21:42","slug":"mae-presentara-propuesta-a-la-junta-ejecutiva-del-mecanismo-para-un-desarrollo-limpio-mdl","status":"publish","type":"post","link":"https:\/\/www.ambienteyenergia.gob.ec\/ambiente\/mae-presentara-propuesta-a-la-junta-ejecutiva-del-mecanismo-para-un-desarrollo-limpio-mdl\/","title":{"rendered":"MAE presentar\u00e1 propuesta a la Junta Ejecutiva del Mecanismo para un Desarrollo Limpio (MDL)"},"content":{"rendered":"<p style=\"text-align: justify;\">El Ministerio del Ambiente en su rol de Autoridad Nacional Designada para el Mecanismo de Desarrollo Limpio (AND-MDL), establecido mediante el Protocolo de la Convenci\u00f3n Marco de las Naciones como un instrumento de incentivo financiero para la implementaci\u00f3n de proyectos de reducci\u00f3n de emisiones en pa\u00edses en v\u00edas de desarrollo; con el apoyo del Centro Regional de Colaboraci\u00f3n de la Convenci\u00f3n Marco de las Naciones Unidas para el Cambio Clim\u00e1tico (CMNUCC), presentar\u00e1 su propuesta de L\u00ednea Base Estandarizada aplicada a la destrucci\u00f3n de metano (CH4) en rellenos sanitarios, biodigestores y tratamiento de agua, que incluye adem\u00e1s recuperaci\u00f3n, quema y uso del metano capturado.<\/p>\n<p style=\"text-align: justify;\">El concepto de L\u00ednea Base Estandarizada, surge de la necesidad de tener un escenario base com\u00fan, a partir del cual se pueda plantear diferentes alternativas para la reducci\u00f3n de emisiones, con lo cual los distintos desarrolladores de proyectos pueden utilizar este documento aprobado por la Junta Ejecutiva del MDL.<\/p>\n<p style=\"text-align: justify;\">Todos los proyectos que busquen generar Reducciones Certificadas de Emisiones (RCE) bajo este mecanismo de desarrollo deben seguir una serie de procedimientos similares para lograr el registro del mismo. Uno de los pasos necesarios es la definici\u00f3n de la l\u00ednea de base, la cual define el nivel de emisiones que hubieran ocurrido en ausencia del proyecto.<\/p>\n<p style=\"text-align: justify;\">A fin de dar cumplimiento con los procesos establecidos por la Junta Ejecutiva, se pone a disposici\u00f3n de posibles proponentes de proyectos, la propuesta a ser presentada, e invitamos a realizar sus comentarios al correo electr\u00f3nico: alexandra.buri@ambiente.gob.ec.<\/p>\n<p style=\"text-align: justify;\"><a href=\"http:\/\/www.ambienteyenergia.gob.ec\/ambiente\/wp-content\/uploads\/downloads\/2014\/05\/F-CDM-PSB-form_Ecuador-130114-UNFCCC-Publicacion.docx\"><em><strong>Usted puede descargar el documento en el enlace aqu\u00ed.<\/strong><\/em><\/a><\/p>\n","protected":false},"excerpt":{"rendered":"<p class=\"excerpt\">El Ministerio del Ambiente en su rol de Autoridad Nacional Designada para el Mecanismo de Desarrollo Limpio (AND-MDL), establecido mediante el Protocolo de la Convenci\u00f3n Marco de las Naciones como un instrumento de incentivo financiero para la implementaci\u00f3n de proyectos de reducci\u00f3n de emisiones en pa\u00edses en v\u00edas de desarrollo; con el apoyo del Centro Regional de Colaboraci\u00f3n de la&hellip; <a href=\"https:\/\/www.ambienteyenergia.gob.ec\/ambiente\/mae-presentara-propuesta-a-la-junta-ejecutiva-del-mecanismo-para-un-desarrollo-limpio-mdl\/\">Read more &rarr;<\/a><\/p>\n","protected":false},"author":13,"featured_media":19936,"comment_status":"open","ping_status":"open","sticky":false,"template":"","format":"standard","meta":{"footnotes":""},"categories":[16,4],"tags":[],"class_list":["post-20291","post","type-post","status-publish","format-standard","has-post-thumbnail","hentry","category-comunicamos","category-noticias","xfolkentry"],"_links":{"self":[{"href":"https:\/\/www.ambienteyenergia.gob.ec\/ambiente\/wp-json\/wp\/v2\/posts\/20291","targetHints":{"allow":["GET"]}}],"collection":[{"href":"https:\/\/www.ambienteyenergia.gob.ec\/ambiente\/wp-json\/wp\/v2\/posts"}],"about":[{"href":"https:\/\/www.ambienteyenergia.gob.ec\/ambiente\/wp-json\/wp\/v2\/types\/post"}],"author":[{"embeddable":true,"href":"https:\/\/www.ambienteyenergia.gob.ec\/ambiente\/wp-json\/wp\/v2\/users\/13"}],"replies":[{"embeddable":true,"href":"https:\/\/www.ambienteyenergia.gob.ec\/ambiente\/wp-json\/wp\/v2\/comments?post=20291"}],"version-history":[{"count":0,"href":"https:\/\/www.ambienteyenergia.gob.ec\/ambiente\/wp-json\/wp\/v2\/posts\/20291\/revisions"}],"wp:featuredmedia":[{"embeddable":true,"href":"https:\/\/www.ambienteyenergia.gob.ec\/ambiente\/wp-json\/wp\/v2\/media\/19936"}],"wp:attachment":[{"href":"https:\/\/www.ambienteyenergia.gob.ec\/ambiente\/wp-json\/wp\/v2\/media?parent=20291"}],"wp:term":[{"taxonomy":"category","embeddable":true,"href":"https:\/\/www.ambienteyenergia.gob.ec\/ambiente\/wp-json\/wp\/v2\/categories?post=20291"},{"taxonomy":"post_tag","embeddable":true,"href":"https:\/\/www.ambienteyenergia.gob.ec\/ambiente\/wp-json\/wp\/v2\/tags?post=20291"}],"curies":[{"name":"wp","href":"https:\/\/api.w.org\/{rel}","templated":true}]}}