{"id":20287,"date":"2014-05-23T12:02:48","date_gmt":"2014-05-23T17:02:48","guid":{"rendered":"http:\/\/www.ambiente.gob.ec\/?p=20287"},"modified":"2014-05-23T12:02:48","modified_gmt":"2014-05-23T17:02:48","slug":"imbabura-celebra-el-dia-del-arbol-con-la-campana-sembrar-arboles-es-sembrar-vida","status":"publish","type":"post","link":"https:\/\/www.ambienteyenergia.gob.ec\/ambiente\/imbabura-celebra-el-dia-del-arbol-con-la-campana-sembrar-arboles-es-sembrar-vida\/","title":{"rendered":"Imbabura celebra el D\u00eda del \u00c1rbol con la campa\u00f1a Sembrar \u00c1rboles es Sembrar Vida"},"content":{"rendered":"<p style=\"text-align: justify;\">El Ministerio del Ambiente (MAE), a trav\u00e9s de la Direcci\u00f3n Provincial del Ambiente de Imbabura (DPAI) en el marco de la celebraci\u00f3n del D\u00eda del \u00c1rbol, realiz\u00f3 diferentes actividades con el objetivo de concienciar a la poblaci\u00f3n sobre el cuidado y responsabilidad que tenemos todos para proteger al ambiente, en este caso a los \u00e1rboles que proveen de ox\u00edgeno, alimentaci\u00f3n y h\u00e1bitat a muchas especies animales.<\/p>\n<p style=\"text-align: justify;\">\n<p>En esta ocasi\u00f3n se realiz\u00f3 un programa especial en la Escuela 6 de Julio, de la ciudad de Cotacachi, donde particip\u00f3 el p\u00e1rroco de la Ciudad, quien bendijo a los \u00e1rboles que fueron plantados, Segundo Fuentes Coordinador zonal del Ambiente, adem\u00e1s se realizaron varias din\u00e1micas ambientales, t\u00edteres y recitaciones por parte del club ambiental de la escuela.<\/p>\n<p style=\"text-align: justify;\">\n<p>Por otro lado en la Reserva Ecol\u00f3gica Cotacachi Cayapas (RECC), personal del Distrito Lita comprometidos con la realizaci\u00f3n de actividades de mejoramiento y embellecimiento de los espacios verdes, con la participaci\u00f3n de Adultos Mayores y la comunidad se realiz\u00f3 la plantaci\u00f3n de especies ornamentales en conmemoraci\u00f3n de este d\u00eda, con el fin de crear conciencia ambiental en la preservaci\u00f3n de la diversidad biol\u00f3gica y un cambio de actitud en la importancia de promover el manejo sustentable de las \u00e1reas verdes.<\/p>\n<p style=\"text-align: justify;\">\nAdem\u00e1s se realizaron charlas y proyecci\u00f3n de material audiovisual alusivos al d\u00eda del \u00e1rbol,\u00a0 en coordinaci\u00f3n con el grupo de Adultos Mayores y la participaci\u00f3n de varios miembros de la comunidad.<\/p>\n<p style=\"text-align: justify;\">\nEl Ministerio del Ambiente a trav\u00e9s de la RECC, viene realizando cada a\u00f1o\u00a0 campa\u00f1as de reforestaci\u00f3n, charlas de Educaci\u00f3n Ambiental, talleres de concientizaci\u00f3n ecol\u00f3gica a las escuelas de los sectores aleda\u00f1os\u00a0 al \u00e1rea con el fin de\u00a0 inculcar a los ni\u00f1os y j\u00f3venes el amor por la naturaleza y respeto hacia ella, lo cual es muy importante para el normal desarrollo de los ecosistemas.<\/p>\n","protected":false},"excerpt":{"rendered":"<p class=\"excerpt\">El Ministerio del Ambiente (MAE), a trav\u00e9s de la Direcci\u00f3n Provincial del Ambiente de Imbabura (DPAI) en el marco de la celebraci\u00f3n del D\u00eda del \u00c1rbol, realiz\u00f3 diferentes actividades con el objetivo de concienciar a la poblaci\u00f3n sobre el cuidado y responsabilidad que tenemos todos para proteger al ambiente, en este caso a los \u00e1rboles que proveen de ox\u00edgeno, alimentaci\u00f3n&hellip; <a href=\"https:\/\/www.ambienteyenergia.gob.ec\/ambiente\/imbabura-celebra-el-dia-del-arbol-con-la-campana-sembrar-arboles-es-sembrar-vida\/\">Read more &rarr;<\/a><\/p>\n","protected":false},"author":13,"featured_media":20288,"comment_status":"open","ping_status":"open","sticky":false,"template":"","format":"standard","meta":{"footnotes":""},"categories":[16,4],"tags":[],"class_list":["post-20287","post","type-post","status-publish","format-standard","has-post-thumbnail","hentry","category-comunicamos","category-noticias","xfolkentry"],"_links":{"self":[{"href":"https:\/\/www.ambienteyenergia.gob.ec\/ambiente\/wp-json\/wp\/v2\/posts\/20287","targetHints":{"allow":["GET"]}}],"collection":[{"href":"https:\/\/www.ambienteyenergia.gob.ec\/ambiente\/wp-json\/wp\/v2\/posts"}],"about":[{"href":"https:\/\/www.ambienteyenergia.gob.ec\/ambiente\/wp-json\/wp\/v2\/types\/post"}],"author":[{"embeddable":true,"href":"https:\/\/www.ambienteyenergia.gob.ec\/ambiente\/wp-json\/wp\/v2\/users\/13"}],"replies":[{"embeddable":true,"href":"https:\/\/www.ambienteyenergia.gob.ec\/ambiente\/wp-json\/wp\/v2\/comments?post=20287"}],"version-history":[{"count":0,"href":"https:\/\/www.ambienteyenergia.gob.ec\/ambiente\/wp-json\/wp\/v2\/posts\/20287\/revisions"}],"wp:featuredmedia":[{"embeddable":true,"href":"https:\/\/www.ambienteyenergia.gob.ec\/ambiente\/wp-json\/wp\/v2\/media\/20288"}],"wp:attachment":[{"href":"https:\/\/www.ambienteyenergia.gob.ec\/ambiente\/wp-json\/wp\/v2\/media?parent=20287"}],"wp:term":[{"taxonomy":"category","embeddable":true,"href":"https:\/\/www.ambienteyenergia.gob.ec\/ambiente\/wp-json\/wp\/v2\/categories?post=20287"},{"taxonomy":"post_tag","embeddable":true,"href":"https:\/\/www.ambienteyenergia.gob.ec\/ambiente\/wp-json\/wp\/v2\/tags?post=20287"}],"curies":[{"name":"wp","href":"https:\/\/api.w.org\/{rel}","templated":true}]}}