{"id":20284,"date":"2014-05-23T11:38:17","date_gmt":"2014-05-23T16:38:17","guid":{"rendered":"http:\/\/www.ambiente.gob.ec\/?p=20284"},"modified":"2014-05-23T11:38:17","modified_gmt":"2014-05-23T16:38:17","slug":"continua-ciclo-de-talleres-sobre-costos-de-oportunidad-y-actividades-productivas-redd","status":"publish","type":"post","link":"https:\/\/www.ambienteyenergia.gob.ec\/ambiente\/continua-ciclo-de-talleres-sobre-costos-de-oportunidad-y-actividades-productivas-redd\/","title":{"rendered":"Contin\u00faa ciclo de talleres sobre costos de oportunidad y actividades productivas REDD+"},"content":{"rendered":"<p style=\"text-align: justify;\">El Ministerio del Ambiente, a trav\u00e9s de la Subsecretar\u00eda de Cambio Clim\u00e1tico, y con el apoyo t\u00e9cnico del Programa Nacional Conjunto ONU-REDD, contin\u00faan el ciclo de talleres sobre \u00abCostos de oportunidad y actividades productivas REDD+\u00bb, los cuales tienen como objetivo validar y recabar informaci\u00f3n econ\u00f3mica sobre los principales usos de la tierra\u00a0 relacionadas con acciones productivas que puedan contribuir a la reducci\u00f3n de emisiones por\u00a0 deforestaci\u00f3n y degradaci\u00f3n de bosques.<\/p>\n<p>Durante el mes de mayo se realizar\u00e1n tres talleres. El primero\u00a0 se realiz\u00f3 en la ciudad de Loja, los d\u00edas 15 y 16 de mayo de 2014;\u00a0 el segundo en la provincia de Zamora en el cant\u00f3n Yantzaza, y el tercero se ejecuta en el cant\u00f3n Nangaritza, entre el 20 y 23 de mayo del presente a\u00f1o.<\/p>\n<p style=\"text-align: justify;\">Estos talleres contar\u00e1n con la participaci\u00f3n de actores clave de las diferentes zonas que podr\u00edan vincularse con REDD+, mecanismo de mitigaci\u00f3n del cambio clim\u00e1tico, el cual busca reducir las emisiones de carbono por la deforestaci\u00f3n y degradaci\u00f3n forestal.<\/p>\n<p style=\"text-align: justify;\">Para el Ministerio del Ambiente estos talleres son importantes porque permiten hacer una aproximaci\u00f3n m\u00e1s profunda sobre las din\u00e1micas de cambio de uso de suelo (actividades agr\u00edcolas, pecuarias, forestales y de innovaci\u00f3n productiva) de las provincias y cantones del Ecuador, que podr\u00edan estar vinculadas con REDD+.<\/p>\n<p style=\"text-align: justify;\">Para mayor informaci\u00f3n se pueden comunicar con Gabriela Palacios (gpalacios@pnc-onureddecuador.org ), o con Carlos Sandoval (csandoval@pnc.onureddecuador.org).<\/p>\n","protected":false},"excerpt":{"rendered":"<p class=\"excerpt\">El Ministerio del Ambiente, a trav\u00e9s de la Subsecretar\u00eda de Cambio Clim\u00e1tico, y con el apoyo t\u00e9cnico del Programa Nacional Conjunto ONU-REDD, contin\u00faan el ciclo de talleres sobre \u00abCostos de oportunidad y actividades productivas REDD+\u00bb, los cuales tienen como objetivo validar y recabar informaci\u00f3n econ\u00f3mica sobre los principales usos de la tierra\u00a0 relacionadas con acciones productivas que puedan contribuir a&hellip; <a href=\"https:\/\/www.ambienteyenergia.gob.ec\/ambiente\/continua-ciclo-de-talleres-sobre-costos-de-oportunidad-y-actividades-productivas-redd\/\">Read more &rarr;<\/a><\/p>\n","protected":false},"author":13,"featured_media":20285,"comment_status":"open","ping_status":"open","sticky":false,"template":"","format":"standard","meta":{"footnotes":""},"categories":[16,4],"tags":[],"class_list":["post-20284","post","type-post","status-publish","format-standard","has-post-thumbnail","hentry","category-comunicamos","category-noticias","xfolkentry"],"_links":{"self":[{"href":"https:\/\/www.ambienteyenergia.gob.ec\/ambiente\/wp-json\/wp\/v2\/posts\/20284","targetHints":{"allow":["GET"]}}],"collection":[{"href":"https:\/\/www.ambienteyenergia.gob.ec\/ambiente\/wp-json\/wp\/v2\/posts"}],"about":[{"href":"https:\/\/www.ambienteyenergia.gob.ec\/ambiente\/wp-json\/wp\/v2\/types\/post"}],"author":[{"embeddable":true,"href":"https:\/\/www.ambienteyenergia.gob.ec\/ambiente\/wp-json\/wp\/v2\/users\/13"}],"replies":[{"embeddable":true,"href":"https:\/\/www.ambienteyenergia.gob.ec\/ambiente\/wp-json\/wp\/v2\/comments?post=20284"}],"version-history":[{"count":0,"href":"https:\/\/www.ambienteyenergia.gob.ec\/ambiente\/wp-json\/wp\/v2\/posts\/20284\/revisions"}],"wp:featuredmedia":[{"embeddable":true,"href":"https:\/\/www.ambienteyenergia.gob.ec\/ambiente\/wp-json\/wp\/v2\/media\/20285"}],"wp:attachment":[{"href":"https:\/\/www.ambienteyenergia.gob.ec\/ambiente\/wp-json\/wp\/v2\/media?parent=20284"}],"wp:term":[{"taxonomy":"category","embeddable":true,"href":"https:\/\/www.ambienteyenergia.gob.ec\/ambiente\/wp-json\/wp\/v2\/categories?post=20284"},{"taxonomy":"post_tag","embeddable":true,"href":"https:\/\/www.ambienteyenergia.gob.ec\/ambiente\/wp-json\/wp\/v2\/tags?post=20284"}],"curies":[{"name":"wp","href":"https:\/\/api.w.org\/{rel}","templated":true}]}}