{"id":20278,"date":"2014-05-23T11:32:21","date_gmt":"2014-05-23T16:32:21","guid":{"rendered":"http:\/\/www.ambiente.gob.ec\/?p=20278"},"modified":"2014-05-23T11:32:21","modified_gmt":"2014-05-23T16:32:21","slug":"con-1-000-especies-nativas-se-reforestaron-espacios-verdes-en-napo","status":"publish","type":"post","link":"https:\/\/www.ambienteyenergia.gob.ec\/ambiente\/con-1-000-especies-nativas-se-reforestaron-espacios-verdes-en-napo\/","title":{"rendered":"Con 1 000 especies nativas se reforestaron espacios verdes en Napo"},"content":{"rendered":"<p style=\"text-align: justify;\">En conmemoraci\u00f3n al D\u00eda del \u00c1rbol y el D\u00eda Internacional de la Diversidad Biol\u00f3gica, el Ministerio del Ambiente (MAE), en coordinaci\u00f3n con Estudiantes de la Unidad Educativa Baeza y miembros de la Unidad de Protecci\u00f3n del Medio Ambiente de la Polic\u00eda Nacional, realiz\u00f3 una jornada de reforestaci\u00f3n en las \u00e1reas degradadas y espacios verdes del Barrio Baeza Colonial, en la provincia de Napo, en la que se plantaron 1 000 especies nativas.<\/p>\n<p style=\"text-align: justify;\">El objetivo de esta actividad fue concienciar a la poblaci\u00f3n sobre la protecci\u00f3n y conservaci\u00f3n de los recursos naturales, destacando la repoblaci\u00f3n de los bosques.<\/p>\n<p style=\"text-align: justify;\">En el evento participaron alrededor de 40 personas entre estudiantes, funcionarios y miembros del barrio, quienes realizaron la limpieza, hoyado.<\/p>\n<p style=\"text-align: justify;\">Entre las plantas sembradas con las que se reforest\u00f3 est\u00e1n guaba, aliso, porot\u00f3n, palma, y plantas ornamentales, reforestando una extensi\u00f3n aproximada de 2 hect\u00e1reas.<\/p>\n<p style=\"text-align: justify;\">Cabe destacar que existe el compromiso por parte de los funcionarios de Ministerio del Ambiente y los miembros del Barrio para dar seguimiento y mantenimiento a la plantaci\u00f3n a fin garantizar el desarrollo de estas especies.<\/p>\n<p>&nbsp;<\/p>\n","protected":false},"excerpt":{"rendered":"<p class=\"excerpt\">En conmemoraci\u00f3n al D\u00eda del \u00c1rbol y el D\u00eda Internacional de la Diversidad Biol\u00f3gica, el Ministerio del Ambiente (MAE), en coordinaci\u00f3n con Estudiantes de la Unidad Educativa Baeza y miembros de la Unidad de Protecci\u00f3n del Medio Ambiente de la Polic\u00eda Nacional, realiz\u00f3 una jornada de reforestaci\u00f3n en las \u00e1reas degradadas y espacios verdes del Barrio Baeza Colonial, en la&hellip; <a href=\"https:\/\/www.ambienteyenergia.gob.ec\/ambiente\/con-1-000-especies-nativas-se-reforestaron-espacios-verdes-en-napo\/\">Read more &rarr;<\/a><\/p>\n","protected":false},"author":13,"featured_media":20280,"comment_status":"open","ping_status":"open","sticky":false,"template":"","format":"standard","meta":{"footnotes":""},"categories":[16,4],"tags":[504,53,54],"class_list":["post-20278","post","type-post","status-publish","format-standard","has-post-thumbnail","hentry","category-comunicamos","category-noticias","tag-dia-del-arbol","tag-mae","tag-ministerio-del-ambiente","xfolkentry"],"_links":{"self":[{"href":"https:\/\/www.ambienteyenergia.gob.ec\/ambiente\/wp-json\/wp\/v2\/posts\/20278","targetHints":{"allow":["GET"]}}],"collection":[{"href":"https:\/\/www.ambienteyenergia.gob.ec\/ambiente\/wp-json\/wp\/v2\/posts"}],"about":[{"href":"https:\/\/www.ambienteyenergia.gob.ec\/ambiente\/wp-json\/wp\/v2\/types\/post"}],"author":[{"embeddable":true,"href":"https:\/\/www.ambienteyenergia.gob.ec\/ambiente\/wp-json\/wp\/v2\/users\/13"}],"replies":[{"embeddable":true,"href":"https:\/\/www.ambienteyenergia.gob.ec\/ambiente\/wp-json\/wp\/v2\/comments?post=20278"}],"version-history":[{"count":0,"href":"https:\/\/www.ambienteyenergia.gob.ec\/ambiente\/wp-json\/wp\/v2\/posts\/20278\/revisions"}],"wp:featuredmedia":[{"embeddable":true,"href":"https:\/\/www.ambienteyenergia.gob.ec\/ambiente\/wp-json\/wp\/v2\/media\/20280"}],"wp:attachment":[{"href":"https:\/\/www.ambienteyenergia.gob.ec\/ambiente\/wp-json\/wp\/v2\/media?parent=20278"}],"wp:term":[{"taxonomy":"category","embeddable":true,"href":"https:\/\/www.ambienteyenergia.gob.ec\/ambiente\/wp-json\/wp\/v2\/categories?post=20278"},{"taxonomy":"post_tag","embeddable":true,"href":"https:\/\/www.ambienteyenergia.gob.ec\/ambiente\/wp-json\/wp\/v2\/tags?post=20278"}],"curies":[{"name":"wp","href":"https:\/\/api.w.org\/{rel}","templated":true}]}}